{"id":32954,"date":"2021-10-09T07:51:13","date_gmt":"2021-10-09T12:51:13","guid":{"rendered":"http:\/\/www.zonaroja.com.mx\/?p=32954"},"modified":"2021-10-09T07:51:16","modified_gmt":"2021-10-09T12:51:16","slug":"unen-esfuerzos-poder-judicial-de-oaxaca-la-ddhpo-y-la-uabjo-en-diplomado","status":"publish","type":"post","link":"https:\/\/zonaroja.com.mx\/?p=32954","title":{"rendered":"Unen esfuerzos Poder Judicial de Oaxaca, la DDHPO y la UABJO en diplomado"},"content":{"rendered":"\n<p>Redacci\u00f3n\/Zona Roja.<\/p>\n\n\n\n<p>Oaxaca de Ju\u00e1rez, Oax., 9 de octubre de 2021.- Al intervenir con la representaci\u00f3n del titular del Poder Judicial del Estado, magistrado Eduardo Pinacho S\u00e1nchez, en la inauguraci\u00f3n del programa acad\u00e9mico del Diplomado \u201cDerechos de Ni\u00f1as, Ni\u00f1os y Adolescentes en el \u00e1mbito jurisdiccional\u201d, el magistrado Jos\u00e9 Luis Reyes Hern\u00e1ndez reiter\u00f3 el compromiso de la instituci\u00f3n encargada de impartir justicia con la atenci\u00f3n y respeto a los derechos de este sector de la poblaci\u00f3n, desde una visi\u00f3n actualizada.<\/p>\n\n\n\n<p>El integrante de la Sala Familiar del Tribunal Superior de Justicia (TSJO) puntualiz\u00f3 que el desarrollo de actividades como este diplomado permiten acercarse a una disciplina jur\u00eddica que tiene enormes cambios a partir de los compromisos internacionales asumidos por el Estado mexicano y a diez a\u00f1os de la Reforma Constitucional que incorpor\u00f3 el tema de derechos humanos y no discriminaci\u00f3n.<\/p>\n\n\n\n<p>En presencia del titular de la Defensor\u00eda de los Derechos Humanos del Pueblo de Oaxaca (DDHPO), Bernardo Rodr\u00edguez Alamilla; el rector de la Universidad Aut\u00f3noma \u201cBenito Ju\u00e1rez\u201d de Oaxaca (UABJO), Eduardo Bautista Mart\u00ednez y la directora de Derechos Humanos del Consejo de la Judicatura del Poder Judicial del Estado, Nidia Soledad Mart\u00ednez Esteva; celebr\u00f3 el intercambio de experiencias para identificar estereotipos y fortalecer las competencias de las personas que trabajan con la ni\u00f1ez y adolescentes.<\/p>\n\n\n\n<p>Por su parte, al inaugurar el diplomado en el que participan 200 personas, entre magistrados, abogados litigantes, defensores p\u00fablicos y de derechos humanos, del pa\u00eds y de otras partes del mundo, el defensor Bernardo Rodr\u00edguez Alamilla advirti\u00f3 que ni\u00f1as, ni\u00f1os y adolescentes se enfrentan con importantes barreras de desigualdad para poder acceder a la justicia y reclamar sus derechos ante los tribunales, por lo cual se deben adoptar medidas positivas que permitan el acceso a la justicia en condiciones de igualdad.<\/p>\n\n\n\n<p>Tambi\u00e9n, el rector de la Universidad Aut\u00f3noma \u201cBenito Ju\u00e1rez de Oaxaca, Eduardo Bautista Mart\u00ednez, destac\u00f3 el compromiso de las instituciones convocantes, con los derechos de la ni\u00f1ez oaxaque\u00f1a.<\/p>\n\n\n\n<p>Las actividades iniciaron con la conferencia magistral \u201cDerechos de Ni\u00f1as, Ni\u00f1os y Adolescentes\u201d, a cargo del maestro Daniel Ponce V\u00e1squez, especialista en derechos de la infancia e igualdad y no discriminaci\u00f3n, la cual se encuentra disponible para su consulta en las redes sociales de las instituciones participantes.<\/p>\n\n\n\n<p>El Diplomado es un esfuerzo conjunto del Poder Judicial del Estado, la DDHPO y la UABJO; se impartir\u00e1 en la modalidad virtual los d\u00edas martes y jueves en un horario que comprende de las 16:00 a las 20:00 horas para finalizar en febrero del 2022.<\/p>\n","protected":false},"excerpt":{"rendered":"<p>Redacci\u00f3n\/Zona Roja. Oaxaca de Ju\u00e1rez, Oax., 9 de octubre de 2021.- Al intervenir con la&hellip;<\/p>\n","protected":false},"author":2,"featured_media":32955,"comment_status":"closed","ping_status":"open","sticky":false,"template":"","format":"standard","meta":{"_lmt_disableupdate":"","_lmt_disable":"","_jetpack_memberships_contains_paid_content":false,"footnotes":""},"categories":[109,47],"tags":[223],"class_list":["post-32954","post","type-post","status-publish","format-standard","has-post-thumbnail","hentry","category-minuto-a-minuto","category-zona-gris","tag-poder-judicial-de-oaxaca"],"jetpack_featured_media_url":"https:\/\/zonaroja.com.mx\/wp-content\/uploads\/2021\/10\/Imparten-diplomado-a-distancia.jpg","jetpack_sharing_enabled":true,"_links":{"self":[{"href":"https:\/\/zonaroja.com.mx\/index.php?rest_route=\/wp\/v2\/posts\/32954","targetHints":{"allow":["GET"]}}],"collection":[{"href":"https:\/\/zonaroja.com.mx\/index.php?rest_route=\/wp\/v2\/posts"}],"about":[{"href":"https:\/\/zonaroja.com.mx\/index.php?rest_route=\/wp\/v2\/types\/post"}],"author":[{"embeddable":true,"href":"https:\/\/zonaroja.com.mx\/index.php?rest_route=\/wp\/v2\/users\/2"}],"replies":[{"embeddable":true,"href":"https:\/\/zonaroja.com.mx\/index.php?rest_route=%2Fwp%2Fv2%2Fcomments&post=32954"}],"version-history":[{"count":1,"href":"https:\/\/zonaroja.com.mx\/index.php?rest_route=\/wp\/v2\/posts\/32954\/revisions"}],"predecessor-version":[{"id":32956,"href":"https:\/\/zonaroja.com.mx\/index.php?rest_route=\/wp\/v2\/posts\/32954\/revisions\/32956"}],"wp:featuredmedia":[{"embeddable":true,"href":"https:\/\/zonaroja.com.mx\/index.php?rest_route=\/wp\/v2\/media\/32955"}],"wp:attachment":[{"href":"https:\/\/zonaroja.com.mx\/index.php?rest_route=%2Fwp%2Fv2%2Fmedia&parent=32954"}],"wp:term":[{"taxonomy":"category","embeddable":true,"href":"https:\/\/zonaroja.com.mx\/index.php?rest_route=%2Fwp%2Fv2%2Fcategories&post=32954"},{"taxonomy":"post_tag","embeddable":true,"href":"https:\/\/zonaroja.com.mx\/index.php?rest_route=%2Fwp%2Fv2%2Ftags&post=32954"}],"curies":[{"name":"wp","href":"https:\/\/api.w.org\/{rel}","templated":true}]}}