{"id":3296,"date":"2019-08-22T17:44:50","date_gmt":"2019-08-22T22:44:50","guid":{"rendered":"http:\/\/www.zonaroja.com.mx\/?p=3296"},"modified":"2019-08-22T17:44:53","modified_gmt":"2019-08-22T22:44:53","slug":"a-la-alza-e-impunes-asaltos-en-oaxaca-mas-de-600-mil-el-botin-en-dos-casos","status":"publish","type":"post","link":"https:\/\/zonaroja.com.mx\/?p=3296","title":{"rendered":"A la alza e impunes, asaltos en Oaxaca; m\u00e1s de $600 mil, el bot\u00edn en dos casos"},"content":{"rendered":"\n<p>Ismael\nGarc\u00eda M.\/Zona Roja.<\/p>\n\n\n\n<p>Oaxaca de\nJu\u00e1rez, Oax., 22 de agosto de 2019.- Como todos los d\u00edas, abrieron a las nueve\nde la ma\u00f1ana las amplias puertas de metal de la empresa \u201cZuji\u201d llantas\nFirestone. <\/p>\n\n\n\n<p>En tanto los\nobreros y el personal se enfundaba la ropa de trabajo, la responsable del local\niniciaba su jornada revisando pendientes e inventario.<\/p>\n\n\n\n<p>A eso de las\nnueve de la ma\u00f1ana ingres\u00f3 un coche marca Volkswagen. <\/p>\n\n\n\n<p>&#8211;Buenos\nd\u00edas, \u00bfcu\u00e1les son las llantas m\u00e1s caras y buenas?<\/p>\n\n\n\n<p>&#8211;Esas de\nall\u00e1, las \u00fanicas que vendemos son las mejores, Firestone \u2013se\u00f1al\u00f3 un obrero.<\/p>\n\n\n\n<p>&#8211;Entonces\ncambie las cuatro de mi coche \u2013pidi\u00f3 el supuesto cliente.<\/p>\n\n\n\n<p>Sin embargo, tras \u00e9l ingres\u00f3 una camioneta con al menos cuatro sujetos armados. Bajaron de inmediato, mientras uno cerr\u00f3 las puertas, otro desconect\u00f3 el circuito de videovigilancia y uno m\u00e1s encerr\u00f3 a los trabajadores en un ba\u00f1o; los otros comenzaron a llenar la camioneta de llantas, tras ello se apoderaron de las llaves y de dos veh\u00edculos compactos, para darse a la fuga rumbo al poniente de la capital.<\/p>\n\n\n\n<figure class=\"wp-block-embed-twitter wp-block-embed is-type-rich is-provider-twitter\"><div class=\"wp-block-embed__wrapper\">\n<div class=\"twitter-tweet\"><blockquote class=\"twitter-tweet\" data-lang=\"es\"><p lang=\"es\" dir=\"ltr\"><a href=\"https:\/\/twitter.com\/hashtag\/OaxacaRojo?src=hash&amp;ref_src=twsrc%5Etfw\">#OaxacaRojo<\/a><br>Un aproximado de 600 mil pesos entre mercanc\u00eda y dinero, adem\u00e1s de dos veh\u00edculos, fue el monto del asalto ocurrido esta ma\u00f1ana en un negocio de venta de llantas ubicado en las riberas del r\u00edo \u201cAtoyac\u201d, en la colindancia de Oaxaca de Ju\u00e1rez y San Jacinto Amilpas. <a href=\"https:\/\/t.co\/GEymHqB6ud\">pic.twitter.com\/GEymHqB6ud<\/a><\/p>&mdash; Zona Roja Oaxaca (@MexRoja) <a href=\"https:\/\/twitter.com\/MexRoja\/status\/1164572467374903296?ref_src=twsrc%5Etfw\">22 de agosto de 2019<\/a><\/blockquote><\/div>\n<\/div><\/figure>\n\n\n\n<p>As\u00ed se\nconsum\u00f3 el asalto que, de acuerdo con los datos preliminares proporcionados por\nla responsable del local, ascend\u00edan a 600 mil pesos en mercanc\u00eda y otros\nart\u00edculos, adem\u00e1s de las unidades de motor.<\/p>\n\n\n\n<p>Polic\u00edas\nmunicipales de Oaxaca de Ju\u00e1rez arribaron al establecimiento, ubicado en las\nriberas del r\u00edo Atoyac, en inmediaciones del fraccionamiento Elsa, ciudad\ncapital, colindante con el municipio de San Jacinto Amilpas.<\/p>\n\n\n\n<p>Tras ello\narribaron elementos de la Agencia Estatal de Investigaciones para iniciar las\nindagatorias; la responsable del local comercial sufri\u00f3 una crisis nerviosa,\nlos agentes pidieron una ambulancia, pero jam\u00e1s lleg\u00f3.<\/p>\n\n\n\n<p>Minutos m\u00e1s\ntarde se dio la voz de alerta de alerta de la localizaci\u00f3n de una camioneta\ncargada de llantas, en una gasoliner\u00eda de Santa Rosa Panzacola; falsa alarma,\nporque era una unidad con propietario de la mercanc\u00eda.<\/p>\n\n\n\n<p>OTRO ASALTO<\/p>\n\n\n\n<p>Por otra\nparte, alrededor de las 17:00 horas se inform\u00f3 del asalto a un cami\u00f3n\nrepartidor de tanques de gas LP, en la jurisdicci\u00f3n de Santa Cruz Xoxocotl\u00e1n.<\/p>\n\n\n\n<p>El saldo fue\nde al menos 13 cilindros de gas dom\u00e9stico as\u00ed como 12 mil pesos en efectivo y\ndos tel\u00e9fonos celulares, en los hechos ocurridos en inmediaciones del puente de\nla Ex Garita.<\/p>\n\n\n\n<p>En ambos\ncasos, hasta esta tarde, no ha habido personas detenidas.<\/p>\n","protected":false},"excerpt":{"rendered":"<p>Ismael Garc\u00eda M.\/Zona Roja. Oaxaca de Ju\u00e1rez, Oax., 22 de agosto de 2019.- Como todos&hellip;<\/p>\n","protected":false},"author":2,"featured_media":3297,"comment_status":"closed","ping_status":"open","sticky":false,"template":"","format":"standard","meta":{"_lmt_disableupdate":"","_lmt_disable":"","_jetpack_memberships_contains_paid_content":false,"footnotes":""},"categories":[109,51],"tags":[598,148],"class_list":["post-3296","post","type-post","status-publish","format-standard","has-post-thumbnail","hentry","category-minuto-a-minuto","category-zona-roja","tag-asalto-llantera-firestone","tag-oaxaca-de-juarez"],"jetpack_featured_media_url":"https:\/\/zonaroja.com.mx\/wp-content\/uploads\/2019\/08\/eZy-Watermark_22-08-2019_05-41-15p.-m..jpg","jetpack_sharing_enabled":true,"_links":{"self":[{"href":"https:\/\/zonaroja.com.mx\/index.php?rest_route=\/wp\/v2\/posts\/3296","targetHints":{"allow":["GET"]}}],"collection":[{"href":"https:\/\/zonaroja.com.mx\/index.php?rest_route=\/wp\/v2\/posts"}],"about":[{"href":"https:\/\/zonaroja.com.mx\/index.php?rest_route=\/wp\/v2\/types\/post"}],"author":[{"embeddable":true,"href":"https:\/\/zonaroja.com.mx\/index.php?rest_route=\/wp\/v2\/users\/2"}],"replies":[{"embeddable":true,"href":"https:\/\/zonaroja.com.mx\/index.php?rest_route=%2Fwp%2Fv2%2Fcomments&post=3296"}],"version-history":[{"count":1,"href":"https:\/\/zonaroja.com.mx\/index.php?rest_route=\/wp\/v2\/posts\/3296\/revisions"}],"predecessor-version":[{"id":3298,"href":"https:\/\/zonaroja.com.mx\/index.php?rest_route=\/wp\/v2\/posts\/3296\/revisions\/3298"}],"wp:featuredmedia":[{"embeddable":true,"href":"https:\/\/zonaroja.com.mx\/index.php?rest_route=\/wp\/v2\/media\/3297"}],"wp:attachment":[{"href":"https:\/\/zonaroja.com.mx\/index.php?rest_route=%2Fwp%2Fv2%2Fmedia&parent=3296"}],"wp:term":[{"taxonomy":"category","embeddable":true,"href":"https:\/\/zonaroja.com.mx\/index.php?rest_route=%2Fwp%2Fv2%2Fcategories&post=3296"},{"taxonomy":"post_tag","embeddable":true,"href":"https:\/\/zonaroja.com.mx\/index.php?rest_route=%2Fwp%2Fv2%2Ftags&post=3296"}],"curies":[{"name":"wp","href":"https:\/\/api.w.org\/{rel}","templated":true}]}}