{"id":32963,"date":"2021-10-09T10:58:33","date_gmt":"2021-10-09T15:58:33","guid":{"rendered":"https:\/\/www.zonaroja.com.mx\/?p=32963"},"modified":"2021-10-09T10:58:36","modified_gmt":"2021-10-09T15:58:36","slug":"con-manifestacion-pacifica-jovenes-oaxaquenas-exigen-justicia-para-fanny-guadalupe","status":"publish","type":"post","link":"https:\/\/zonaroja.com.mx\/?p=32963","title":{"rendered":"Con manifestaci\u00f3n pac\u00edfica, j\u00f3venes oaxaque\u00f1as exigen justicia para Fanny Guadalupe"},"content":{"rendered":"\n<p><\/p>\n\n\n\n<p>Evlin Arag\u00f3n\/Zona Roja.&nbsp;<\/p>\n\n\n\n<p>Oaxaca de Ju\u00e1rez, Oax., 9 de de octubre de 2021.-&nbsp;Con una peque\u00f1a pero sentida movilizaci\u00f3n, j\u00f3venes oaxaque\u00f1as organizadas se manifestaron&nbsp;este viernes&nbsp;en la explanada de Santo Domingo de Guzm\u00e1n de la capital, para exigir justicia por el feminicidio de Fanny Guadalupe y un alto a la ola de violencia feminicida que azota la entidad oaxaque\u00f1a.&nbsp;<\/p>\n\n\n\n<p>Con pancartas en mano, realizaron una intervenci\u00f3n p\u00fablica ante los ojos de las personas que paseaban por uno de las zonas tur\u00edsticas m\u00e1s importantes de la ciudad, en cuyas escalinatas colocaron veladoras encendidas y escribieron con letras grandes \u201cJusticia para Fanny\u201d.&nbsp;<\/p>\n\n\n\n<p>\u201cSe\u00f1or, se\u00f1ora no sea indiferente se mata a las mujeres en la cara de la gente\u201d, \u201cPorque vivas se las llevaron, vivas las queremos\u201d, \u201cSi tocan a una, respondemos todas\u201d, fueron algunas de las consignas que enunciaron previo y posterior a la lectura de su comunidad.&nbsp;&nbsp;<\/p>\n\n\n\n<p>Las j\u00f3venes recordaron que Fanny Guadalupe, una joven ind\u00edgena Ayuuk de tan solo 16 a\u00f1os de edad, denunci\u00f3 violencia de g\u00e9nero, amenazas y abuso de poder por parte de Isaac H. G., agente&nbsp;municipal de El Porvenir, perteneciente al municipio de San Juan Cotzoc\u00f3n, lugar del que era originaria.&nbsp;<\/p>\n\n\n\n<p>Posterior a ello present\u00f3 una denuncia ante la Fiscal\u00eda de Oaxaca lo que ocasion\u00f3 que fuera hostigada y acosada para desistirse del proceso legal, lo cual no sucedi\u00f3. Sin embargo, Fanny fue encontrada sin vida el pasado 26 de septiembre al interior de su domicilio, hecho que las autoridades municipales pretendieron hacer pasar como suicidio.&nbsp;&nbsp;<\/p>\n\n\n\n<p>De ah\u00ed que salieron a las calles para exigir que el caso sea investigado y sancionado por feminicidio, delito que aseguraron no solo implica la violaci\u00f3n de los derechos humanos de las mujeres, sino que atenta contra su seguridad y se consuma por la omisi\u00f3n, negligencia y colusi\u00f3n de las autoridades.&nbsp;<\/p>\n\n\n\n<p>Las j\u00f3venes lamentaron que el caso de Fanny Guadalupe no sea el \u00fanico, ya que apenas el jueves pasado fueron hallados los cuerpos sin vida de una mujer de 27 a\u00f1os y una menor de tan solo un a\u00f1o de edad, en un camino de terracer\u00eda entre Nazareno, Etla y Alem\u00e1n, Zautla.&nbsp;&nbsp;<\/p>\n\n\n\n<p>Lo anterior mantiene al alza el contador de feminicidios que, de acuerdo con la organizaci\u00f3n Consorcio Oaxaca, subi\u00f3 a 558 casos en lo que va de la administraci\u00f3n de Alejandro Murat Hinojosa, de ah\u00ed que solicitaron la intervenci\u00f3n inmediata de las autoridades oaxaque\u00f1as para implementar acciones que garanticen la vida de las mujeres.&nbsp;&nbsp;<\/p>\n\n\n\n<p>Y es que, para las manifestantes, las autoridades ejercen violencia institucional contra las v\u00edctimas y sus familiares, al obstaculizar su acceso a la justicia y con ello contribuyen a seguir perpetuando la cadena de impunidad y la ruptura del Estado de Derecho.&nbsp;&nbsp;<\/p>\n\n\n\n<p>\u201cHoy alzamos la voz por Fanny, por Sol, Hilaria, por Angelina, por todas aquellas que nos han arrebatado, por las que no han obtenido justicia al amparo de este sistema machista y patriarcal\u201d, sentenciaron.  <\/p>\n","protected":false},"excerpt":{"rendered":"<p>Evlin Arag\u00f3n\/Zona Roja.&nbsp; Oaxaca de Ju\u00e1rez, Oax., 9 de de octubre de 2021.-&nbsp;Con una peque\u00f1a&hellip;<\/p>\n","protected":false},"author":2,"featured_media":32962,"comment_status":"closed","ping_status":"open","sticky":false,"template":"","format":"standard","meta":{"_lmt_disableupdate":"","_lmt_disable":"","_jetpack_memberships_contains_paid_content":false,"footnotes":""},"categories":[109,47],"tags":[2904],"class_list":["post-32963","post","type-post","status-publish","format-standard","has-post-thumbnail","hentry","category-minuto-a-minuto","category-zona-gris","tag-fanny-guadalupe-cotzocon"],"jetpack_featured_media_url":"https:\/\/zonaroja.com.mx\/wp-content\/uploads\/2021\/10\/936a7b51-aae0-41c7-9f1d-452f11b21711.jpg","jetpack_sharing_enabled":true,"_links":{"self":[{"href":"https:\/\/zonaroja.com.mx\/index.php?rest_route=\/wp\/v2\/posts\/32963","targetHints":{"allow":["GET"]}}],"collection":[{"href":"https:\/\/zonaroja.com.mx\/index.php?rest_route=\/wp\/v2\/posts"}],"about":[{"href":"https:\/\/zonaroja.com.mx\/index.php?rest_route=\/wp\/v2\/types\/post"}],"author":[{"embeddable":true,"href":"https:\/\/zonaroja.com.mx\/index.php?rest_route=\/wp\/v2\/users\/2"}],"replies":[{"embeddable":true,"href":"https:\/\/zonaroja.com.mx\/index.php?rest_route=%2Fwp%2Fv2%2Fcomments&post=32963"}],"version-history":[{"count":1,"href":"https:\/\/zonaroja.com.mx\/index.php?rest_route=\/wp\/v2\/posts\/32963\/revisions"}],"predecessor-version":[{"id":32964,"href":"https:\/\/zonaroja.com.mx\/index.php?rest_route=\/wp\/v2\/posts\/32963\/revisions\/32964"}],"wp:featuredmedia":[{"embeddable":true,"href":"https:\/\/zonaroja.com.mx\/index.php?rest_route=\/wp\/v2\/media\/32962"}],"wp:attachment":[{"href":"https:\/\/zonaroja.com.mx\/index.php?rest_route=%2Fwp%2Fv2%2Fmedia&parent=32963"}],"wp:term":[{"taxonomy":"category","embeddable":true,"href":"https:\/\/zonaroja.com.mx\/index.php?rest_route=%2Fwp%2Fv2%2Fcategories&post=32963"},{"taxonomy":"post_tag","embeddable":true,"href":"https:\/\/zonaroja.com.mx\/index.php?rest_route=%2Fwp%2Fv2%2Ftags&post=32963"}],"curies":[{"name":"wp","href":"https:\/\/api.w.org\/{rel}","templated":true}]}}