{"id":32968,"date":"2021-10-09T14:46:59","date_gmt":"2021-10-09T19:46:59","guid":{"rendered":"http:\/\/www.zonaroja.com.mx\/?p=32968"},"modified":"2021-10-09T14:47:02","modified_gmt":"2021-10-09T19:47:02","slug":"madre-e-hija-en-salina-cruz-las-mas-recientes-desaparecidas-en-oaxaca","status":"publish","type":"post","link":"https:\/\/zonaroja.com.mx\/?p=32968","title":{"rendered":"Madre e hija en Salina Cruz, las m\u00e1s recientes desaparecidas en Oaxaca."},"content":{"rendered":"\n<p>Evlin Arag\u00f3n\/Zona Roja.<\/p>\n\n\n\n<p>Oaxaca de Ju\u00e1rez, Oax., 9 de octubre de 2021.- Marisol del Carmen, de 13 a\u00f1os de edad, es la m\u00e1s reciente menor de edad reportada como desaparecida en la entidad de Oaxaca; su familia la vio por \u00faltima vez el pasado seis de octubre en el municipio de Salina Cruz, perteneciente a la regi\u00f3n del Istmo de Tehuantepec.&nbsp;&nbsp;<\/p>\n\n\n\n<p>La peque\u00f1a vest\u00eda un pantal\u00f3n de mezclilla color azul y una playera azul marino al momento de su desaparici\u00f3n, de acuerdo con su familia como se\u00f1a particular tiene un lunar en el lado derecho de la mejilla.&nbsp;<\/p>\n\n\n\n<p>Su ficha se encuentra activa en la Unidad de B\u00fasqueda de Personas Desaparecidas y No Localizadas (DNOL), al igual que la de Silvia del Carmen Tapia S\u00e1nchez, de 43 a\u00f1os de edad y madre de la menor.&nbsp;<\/p>\n\n\n\n<p>Caso similar al de Xiomara Angelis Carriedo Rodr\u00edguez, de 17 a\u00f1os de edad, quien fue reportada como desaparecida el pasado 28 de septiembre luego de ser vista por \u00faltima vez en inmediaciones del municipio Santa Cruz Xoxocotl\u00e1n y en compa\u00f1\u00eda de su menor hija de nombre Mirella.&nbsp;<\/p>\n\n\n\n<p>Por ambas, la Fiscal\u00eda de Oaxaca activ\u00f3 la Alerta Rosa al igual que en el caso de Natali Nicole, de nueve a\u00f1os de edad, de quien se perdi\u00f3 el rastro el 29 de septiembre en Playa Pante\u00f3n, localidad ubicada al interior del municipio de San Pedro Pochutla, en la costa oaxaque\u00f1a.&nbsp;<\/p>\n\n\n\n<p>Tambi\u00e9n han solicitado la ayuda de la poblaci\u00f3n para localizar a Alma Delia Miguel L\u00f3pez, de 15 a\u00f1os de edad, quien fue vista por \u00faltima vez el 30 de septiembre en Santo Domingo Barrio Bajo, en la Villa de Etla.&nbsp;<\/p>\n\n\n\n<p>La p\u00e1gina oficial de la DNOL comparti\u00f3 recientemente la ficha de b\u00fasqueda de Alicia Cira M\u00e9ndez, de 70 a\u00f1os de edad, quien desapareci\u00f3 desde mayo pasado en la colonia Bugambilias, perteneciente al municipio de Oaxaca de Ju\u00e1rez.<\/p>\n\n\n\n<p>As\u00ed mismo la de Juana Ortiz Reyes, quien al momento de su desaparici\u00f3n en 2010 contaba con 39 a\u00f1os de edad. De acuerdo con sus familiares la mujer fue vista por \u00faltima vez, hace casi once a\u00f1os, en el paraje El Guitingo de San Bartolo Coyotepec.&nbsp;<\/p>\n\n\n\n<p>Situaci\u00f3n similar a la de Magali P\u00e9rez Aquino, quien fue vista por \u00faltima vez el 15 de agosto del 2011 en la agencia de Esquipulas del municipio de Santa Cruz Xoxocotl\u00e1n; y Daria L\u00f3pez L\u00f3pez, desaparecida el 15 de mayo de 2012 en inmediaciones del aeropuerto de la ciudad de Oaxaca.&nbsp;<\/p>\n","protected":false},"excerpt":{"rendered":"<p>Evlin Arag\u00f3n\/Zona Roja. Oaxaca de Ju\u00e1rez, Oax., 9 de octubre de 2021.- Marisol del Carmen,&hellip;<\/p>\n","protected":false},"author":2,"featured_media":32969,"comment_status":"closed","ping_status":"open","sticky":false,"template":"","format":"standard","meta":{"_lmt_disableupdate":"","_lmt_disable":"","_jetpack_memberships_contains_paid_content":false,"footnotes":""},"categories":[109,47],"tags":[455],"class_list":["post-32968","post","type-post","status-publish","format-standard","has-post-thumbnail","hentry","category-minuto-a-minuto","category-zona-gris","tag-mujeres-desaparecidas-oaxaca"],"jetpack_featured_media_url":"https:\/\/zonaroja.com.mx\/wp-content\/uploads\/2021\/10\/Desaparecidas-Oaxaca-1.jpg","jetpack_sharing_enabled":true,"_links":{"self":[{"href":"https:\/\/zonaroja.com.mx\/index.php?rest_route=\/wp\/v2\/posts\/32968","targetHints":{"allow":["GET"]}}],"collection":[{"href":"https:\/\/zonaroja.com.mx\/index.php?rest_route=\/wp\/v2\/posts"}],"about":[{"href":"https:\/\/zonaroja.com.mx\/index.php?rest_route=\/wp\/v2\/types\/post"}],"author":[{"embeddable":true,"href":"https:\/\/zonaroja.com.mx\/index.php?rest_route=\/wp\/v2\/users\/2"}],"replies":[{"embeddable":true,"href":"https:\/\/zonaroja.com.mx\/index.php?rest_route=%2Fwp%2Fv2%2Fcomments&post=32968"}],"version-history":[{"count":1,"href":"https:\/\/zonaroja.com.mx\/index.php?rest_route=\/wp\/v2\/posts\/32968\/revisions"}],"predecessor-version":[{"id":32970,"href":"https:\/\/zonaroja.com.mx\/index.php?rest_route=\/wp\/v2\/posts\/32968\/revisions\/32970"}],"wp:featuredmedia":[{"embeddable":true,"href":"https:\/\/zonaroja.com.mx\/index.php?rest_route=\/wp\/v2\/media\/32969"}],"wp:attachment":[{"href":"https:\/\/zonaroja.com.mx\/index.php?rest_route=%2Fwp%2Fv2%2Fmedia&parent=32968"}],"wp:term":[{"taxonomy":"category","embeddable":true,"href":"https:\/\/zonaroja.com.mx\/index.php?rest_route=%2Fwp%2Fv2%2Fcategories&post=32968"},{"taxonomy":"post_tag","embeddable":true,"href":"https:\/\/zonaroja.com.mx\/index.php?rest_route=%2Fwp%2Fv2%2Ftags&post=32968"}],"curies":[{"name":"wp","href":"https:\/\/api.w.org\/{rel}","templated":true}]}}