{"id":32973,"date":"2021-10-10T09:54:55","date_gmt":"2021-10-10T14:54:55","guid":{"rendered":"http:\/\/www.zonaroja.com.mx\/?p=32973"},"modified":"2021-10-09T19:57:19","modified_gmt":"2021-10-10T00:57:19","slug":"requiere-el-pais-una-politica-distinta-y-de-altura-rector-de-la-uabjo","status":"publish","type":"post","link":"https:\/\/zonaroja.com.mx\/?p=32973","title":{"rendered":"Requiere el pa\u00eds una pol\u00edtica distinta y de altura: rector de la UABJO"},"content":{"rendered":"\n<p>Evlin Arag\u00f3n\/Zona Roja.<\/p>\n\n\n\n<p>Oaxaca de Ju\u00e1rez, Oax., 10 de octubre de 2021.- El rector de la Universidad Aut\u00f3noma \u201cBenito Ju\u00e1rez\u201d de Oaxaca (UABJO), Eduardo Mart\u00ednez Bautista, asegur\u00f3 que es necesario replantear di\u00e1logos plurales, con respeto a las diferencias y democratizar las instituciones, con la intenci\u00f3n de hacer una pol\u00edtica distinta y de altura en el pa\u00eds.\u00a0<\/p>\n\n\n\n<p>Lo anterior en el marco del conversatorio \u201cPol\u00edtica durante y despu\u00e9s de la pandemia\u201d, realizado en el marco de Sa semana de Ciencias Sociales que llev\u00f3 a cabo el Instituto de Investigaciones Sociol\u00f3gicas de la UABJO.<\/p>\n\n\n\n<p>De acuerdo con la autoridad universitaria, en la actualidad y posterior a la pandemia, son importantes los planteamientos novedosos al interior de la pol\u00edtica para generar nuevas rutas de reorganizaci\u00f3n social, incluso tomando en cuenta a la naturaleza como un eje fundamental.&nbsp;<\/p>\n\n\n\n<p>En su calidad de investigador del IISUABJO, Mart\u00ednez Bautista detall\u00f3 que la pandemia vino a descubrir la crisis que vive la pol\u00edtica en la actualidad en nuestro pa\u00eds, de ah\u00ed la necesidad de replantear nuevas formas para hacer frente a las diversas problem\u00e1ticas a las que se enfrenta la sociedad.&nbsp;<\/p>\n\n\n\n<p>\u201cLa pol\u00edtica misma es erosionada y cuestionada, no podemos seguir haciendo las cosas de la misma manera. Fuimos testigos que las instituciones de nuestro Estado no estaban preparadas para un fen\u00f3meno como la pandemia\u201d, indic\u00f3 como parte de su intervenci\u00f3n.&nbsp;<\/p>\n\n\n\n<p>La pandemia, dijo, tambi\u00e9n ha revelado las profundas desigualdades y polarizaciones en el pa\u00eds, por lo que insisti\u00f3 en que la pol\u00edtica necesita una renovaci\u00f3n urgente, emergente y necesaria toda vez que la sociedad ya no puede funcionar de la misma manera que hace a\u00f1os, tampoco el Estado ni los gobiernos al interior, prueba de ello las cada vez m\u00e1s recurrentes manifestaciones y movimientos sociales.<\/p>\n\n\n\n<p>De ah\u00ed que plante\u00f3 di\u00e1logos plurales, con respeto a las diferencias, as\u00ed como la democratizaci\u00f3n de las instituciones a fin de impulsar un proyecto de Estado que garantice los derechos y beneficios que la poblaci\u00f3n pide, incluso a gritos en el marco de las movilizaciones.&nbsp;<\/p>\n\n\n\n<p>\u201cDesde las bases de las organizaciones se est\u00e1n generando m\u00faltiples reclamos de democratizaci\u00f3n, de nuevas formas de organizaci\u00f3n y participaci\u00f3n social para poner fin al verticalismo que a\u00fan impera y que ya no es funcional\u201d, sentenci\u00f3 Mart\u00ednez Bautista.&nbsp;<\/p>\n\n\n\n<p>En el foro, que se llev\u00f3 a cabo este viernes, tambi\u00e9n particip\u00f3 la doctora e investigadora Gladis Karina S\u00e1nchez, as\u00ed como los investigadores Manuel Garza Zepeda y Heriberto Ruiz Ponce.&nbsp;<\/p>\n","protected":false},"excerpt":{"rendered":"<p>Evlin Arag\u00f3n\/Zona Roja. Oaxaca de Ju\u00e1rez, Oax., 10 de octubre de 2021.- El rector de&hellip;<\/p>\n","protected":false},"author":2,"featured_media":32974,"comment_status":"closed","ping_status":"open","sticky":false,"template":"","format":"standard","meta":{"_lmt_disableupdate":"","_lmt_disable":"","_jetpack_memberships_contains_paid_content":false,"footnotes":""},"categories":[109,46],"tags":[360],"class_list":["post-32973","post","type-post","status-publish","format-standard","has-post-thumbnail","hentry","category-minuto-a-minuto","category-zona-blanca","tag-rector-eduardo-bautista-martinez"],"jetpack_featured_media_url":"https:\/\/zonaroja.com.mx\/wp-content\/uploads\/2021\/10\/Eduardo-Bautista-rector.jpg","jetpack_sharing_enabled":true,"_links":{"self":[{"href":"https:\/\/zonaroja.com.mx\/index.php?rest_route=\/wp\/v2\/posts\/32973","targetHints":{"allow":["GET"]}}],"collection":[{"href":"https:\/\/zonaroja.com.mx\/index.php?rest_route=\/wp\/v2\/posts"}],"about":[{"href":"https:\/\/zonaroja.com.mx\/index.php?rest_route=\/wp\/v2\/types\/post"}],"author":[{"embeddable":true,"href":"https:\/\/zonaroja.com.mx\/index.php?rest_route=\/wp\/v2\/users\/2"}],"replies":[{"embeddable":true,"href":"https:\/\/zonaroja.com.mx\/index.php?rest_route=%2Fwp%2Fv2%2Fcomments&post=32973"}],"version-history":[{"count":1,"href":"https:\/\/zonaroja.com.mx\/index.php?rest_route=\/wp\/v2\/posts\/32973\/revisions"}],"predecessor-version":[{"id":32975,"href":"https:\/\/zonaroja.com.mx\/index.php?rest_route=\/wp\/v2\/posts\/32973\/revisions\/32975"}],"wp:featuredmedia":[{"embeddable":true,"href":"https:\/\/zonaroja.com.mx\/index.php?rest_route=\/wp\/v2\/media\/32974"}],"wp:attachment":[{"href":"https:\/\/zonaroja.com.mx\/index.php?rest_route=%2Fwp%2Fv2%2Fmedia&parent=32973"}],"wp:term":[{"taxonomy":"category","embeddable":true,"href":"https:\/\/zonaroja.com.mx\/index.php?rest_route=%2Fwp%2Fv2%2Fcategories&post=32973"},{"taxonomy":"post_tag","embeddable":true,"href":"https:\/\/zonaroja.com.mx\/index.php?rest_route=%2Fwp%2Fv2%2Ftags&post=32973"}],"curies":[{"name":"wp","href":"https:\/\/api.w.org\/{rel}","templated":true}]}}