{"id":32979,"date":"2021-10-11T11:28:00","date_gmt":"2021-10-11T16:28:00","guid":{"rendered":"http:\/\/www.zonaroja.com.mx\/?p=32979"},"modified":"2021-10-10T10:47:05","modified_gmt":"2021-10-10T15:47:05","slug":"pide-diputada-celebracion-de-dia-de-muertos-sin-concentraciones-masivas","status":"publish","type":"post","link":"https:\/\/zonaroja.com.mx\/?p=32979","title":{"rendered":"Pide diputada celebraci\u00f3n de D\u00eda de Muertos sin concentraciones masivas"},"content":{"rendered":"\n<p>Evlin Arag\u00f3n\/Zona Roja.<\/p>\n\n\n\n<p>Oaxaca de Ju\u00e1rez, Oax., 10 de octubre de 2021.- Pese a que Oaxaca se encuentra en color verde del sem\u00e1foro epidemiol\u00f3gico, las festividades por el D\u00eda de Muertos en Oaxaca se deber\u00e1n celebrar con las medidas sanitarias correspondientes, para evitar una nueva ola de contagios por Covid-19.&nbsp;<\/p>\n\n\n\n<p>As\u00ed lo propuso la diputada local por Morena, Magaly L\u00f3pez Dom\u00ednguez, mediante un Punto de Acuerdo presentado el pasado mi\u00e9rcoles en la sesi\u00f3n de la Diputaci\u00f3n Permanente.<\/p>\n\n\n\n<p>\u201cEl Congreso del Estado de Oaxaca exhorta encarecidamente a las autoridades de los 570 ayuntamientos del estado a que establezcan las medidas sanitarias pertinentes para que las y los habitantes de sus municipios puedan conmemorar de manera segura los D\u00edas de Muertos y adicionalmente convoquen a la poblaci\u00f3n a que se abstenga de realizar concentraciones masivas con motivo de esa celebraci\u00f3n tradicional\u201d, refiere el planteamiento.&nbsp;<\/p>\n\n\n\n<p>De acuerdo con la legisladora, el n\u00famero de contagios y decesos siguen altos, lo que demuestra que la realidad de la epidemia es compleja, como se ha visto en momentos anteriores, raz\u00f3n por la que la poblaci\u00f3n no debe bajar la guardia aun durante el sem\u00e1foro epidemiol\u00f3gico en verde y debe continuar con las medidas preventivas para evitar los contagios.&nbsp;<\/p>\n\n\n\n<p>L\u00f3pez Dom\u00ednguez explic\u00f3 que la muerte sigue siendo un riesgo al contraer el coronavirus, con todo y el considerable avance del proceso de vacunaci\u00f3n impulsado por el Gobierno de M\u00e9xico que ha disminuido los casos fatales.<\/p>\n\n\n\n<p>\u201cConsideramos de suma importancia que las ciudadanas y los ciudadanos del estado de Oaxaca no bajemos la guardia, y que tengamos clara la necesidad de continuar con los mecanismos habituales que en el \u00faltimo a\u00f1o y medio hemos puesto en pr\u00e1ctica para protegernos del contagio del coronavirus\u201d, dijo.<\/p>\n\n\n\n<p>Debido al arraigo que las festividades de D\u00eda de Muertos tienen en la entidad oaxaque\u00f1a y que la vendimia se lleva a cabo en la segunda mitad del mes de octubre, la legisladora hizo un llamado urgente a las autoridades municipales para que instruya la prohibici\u00f3n de concentraciones masivas e implementen las medidas sanitarias correspondientes para que se lleve a cabo una conmemoraci\u00f3n tradicional segura.&nbsp;<\/p>\n\n\n\n<p>Cabe se\u00f1alar que, apenas anunciado el cambio de color en el sem\u00e1foro epidemiol\u00f3gico, poblaciones del Valle Eteco anunciaron la realizaci\u00f3n de las tradicionales \u201cmuerteadas\u201d, mismas que convocan a encuentros masivos que, en caso de no llevarse a cabo de manera responsable, podr\u00edan derivar en complicaciones de salud en la entidad oaxaque\u00f1a.&nbsp;<\/p>\n\n\n\n<p>El documento fue turnado a comisiones por parte de la Diputaci\u00f3n Permanente de la 64 Legislatura.<\/p>\n","protected":false},"excerpt":{"rendered":"<p>Evlin Arag\u00f3n\/Zona Roja. Oaxaca de Ju\u00e1rez, Oax., 10 de octubre de 2021.- Pese a que&hellip;<\/p>\n","protected":false},"author":2,"featured_media":32980,"comment_status":"closed","ping_status":"open","sticky":false,"template":"","format":"standard","meta":{"_lmt_disableupdate":"","_lmt_disable":"","_jetpack_memberships_contains_paid_content":false,"footnotes":""},"categories":[109,46],"tags":[192],"class_list":["post-32979","post","type-post","status-publish","format-standard","has-post-thumbnail","hentry","category-minuto-a-minuto","category-zona-blanca","tag-diputada-magaly-lopez-dominguez"],"jetpack_featured_media_url":"https:\/\/zonaroja.com.mx\/wp-content\/uploads\/2021\/10\/Magaly-Lopez-Dominguez.jpg","jetpack_sharing_enabled":true,"_links":{"self":[{"href":"https:\/\/zonaroja.com.mx\/index.php?rest_route=\/wp\/v2\/posts\/32979","targetHints":{"allow":["GET"]}}],"collection":[{"href":"https:\/\/zonaroja.com.mx\/index.php?rest_route=\/wp\/v2\/posts"}],"about":[{"href":"https:\/\/zonaroja.com.mx\/index.php?rest_route=\/wp\/v2\/types\/post"}],"author":[{"embeddable":true,"href":"https:\/\/zonaroja.com.mx\/index.php?rest_route=\/wp\/v2\/users\/2"}],"replies":[{"embeddable":true,"href":"https:\/\/zonaroja.com.mx\/index.php?rest_route=%2Fwp%2Fv2%2Fcomments&post=32979"}],"version-history":[{"count":1,"href":"https:\/\/zonaroja.com.mx\/index.php?rest_route=\/wp\/v2\/posts\/32979\/revisions"}],"predecessor-version":[{"id":32981,"href":"https:\/\/zonaroja.com.mx\/index.php?rest_route=\/wp\/v2\/posts\/32979\/revisions\/32981"}],"wp:featuredmedia":[{"embeddable":true,"href":"https:\/\/zonaroja.com.mx\/index.php?rest_route=\/wp\/v2\/media\/32980"}],"wp:attachment":[{"href":"https:\/\/zonaroja.com.mx\/index.php?rest_route=%2Fwp%2Fv2%2Fmedia&parent=32979"}],"wp:term":[{"taxonomy":"category","embeddable":true,"href":"https:\/\/zonaroja.com.mx\/index.php?rest_route=%2Fwp%2Fv2%2Fcategories&post=32979"},{"taxonomy":"post_tag","embeddable":true,"href":"https:\/\/zonaroja.com.mx\/index.php?rest_route=%2Fwp%2Fv2%2Ftags&post=32979"}],"curies":[{"name":"wp","href":"https:\/\/api.w.org\/{rel}","templated":true}]}}