{"id":32988,"date":"2021-10-10T07:46:44","date_gmt":"2021-10-10T12:46:44","guid":{"rendered":"http:\/\/www.zonaroja.com.mx\/?p=32988"},"modified":"2021-10-10T07:46:48","modified_gmt":"2021-10-10T12:46:48","slug":"reanudan-denuncias-contra-deudores-alimentarios-van-vs-priistas","status":"publish","type":"post","link":"https:\/\/zonaroja.com.mx\/?p=32988","title":{"rendered":"Reanudan denuncias contra deudores alimentarios; van vs. priistas"},"content":{"rendered":"\n<p>Redacci\u00f3n\/Zona Roja.<\/p>\n\n\n\n<p>Oaxaca de Ju\u00e1rez, Oax., 10 de octubre de 2021.- Colectivos feministas reanudan ma\u00f1ana lunes denuncias en contra de deudores alimentarios hacia sus v\u00e1stagos y ahora prev\u00e9n exhibir a priistas.<\/p>\n\n\n\n<p>A partir de las 10:00 horas, en la calle Francisco I. Madero, posterior a la sede del PRI de Oaxaca, en la agencia de Santa Rosa Panzacola, presentar\u00e1n la \u201cPatrulla feminista\u201d, que tiene la finalidad de recorrer sitios p\u00fablicos para exhibir a padres que han incumplido con la obligaci\u00f3n de proveer para sus hijos.<\/p>\n\n\n\n<p>De acuerdo con la activista Diana Luz V\u00e1squez, se trata de una unidad de motor con la identificaci\u00f3n respectiva, que exhibir\u00e1 a los deudores alimentarios.<\/p>\n\n\n\n<p>\u201cVamos a inaugurar la \u2018Patrulla feminista\u2019 con el pap\u00e1 del a\u00f1o. Nunca m\u00e1s tendr\u00e1n la comodidad de nuestro silencio padres abusivos e irresponsables\u201d, poste\u00f3.<\/p>\n\n\n\n<p>Una de los tutores irresponsables que exhibir\u00edan ser\u00eda el priista Mart\u00edn Rosado, quien al conocer de ello, ha respondido con sorna.<\/p>\n\n\n\n<p>\u201cPuede m\u00e1s la exhibida p\u00fablica de un deudor alimentario, que su obligaci\u00f3n moral, que su responsabilidad afectiva con sus hij@s. Les genera enojo, coraje\u201d, remarc\u00f3 Diana Luz V\u00e1squez en sus redes sociales.<\/p>\n","protected":false},"excerpt":{"rendered":"<p>Redacci\u00f3n\/Zona Roja. Oaxaca de Ju\u00e1rez, Oax., 10 de octubre de 2021.- Colectivos feministas reanudan ma\u00f1ana&hellip;<\/p>\n","protected":false},"author":2,"featured_media":32989,"comment_status":"closed","ping_status":"open","sticky":false,"template":"","format":"standard","meta":{"_lmt_disableupdate":"","_lmt_disable":"","_jetpack_memberships_contains_paid_content":false,"footnotes":""},"categories":[109,47],"tags":[2800],"class_list":["post-32988","post","type-post","status-publish","format-standard","has-post-thumbnail","hentry","category-minuto-a-minuto","category-zona-gris","tag-deudores-alimentarios-oaxaca"],"jetpack_featured_media_url":"https:\/\/zonaroja.com.mx\/wp-content\/uploads\/2021\/10\/Patrulla-feminista-deudores-alimentarios.jpg","jetpack_sharing_enabled":true,"_links":{"self":[{"href":"https:\/\/zonaroja.com.mx\/index.php?rest_route=\/wp\/v2\/posts\/32988","targetHints":{"allow":["GET"]}}],"collection":[{"href":"https:\/\/zonaroja.com.mx\/index.php?rest_route=\/wp\/v2\/posts"}],"about":[{"href":"https:\/\/zonaroja.com.mx\/index.php?rest_route=\/wp\/v2\/types\/post"}],"author":[{"embeddable":true,"href":"https:\/\/zonaroja.com.mx\/index.php?rest_route=\/wp\/v2\/users\/2"}],"replies":[{"embeddable":true,"href":"https:\/\/zonaroja.com.mx\/index.php?rest_route=%2Fwp%2Fv2%2Fcomments&post=32988"}],"version-history":[{"count":1,"href":"https:\/\/zonaroja.com.mx\/index.php?rest_route=\/wp\/v2\/posts\/32988\/revisions"}],"predecessor-version":[{"id":32990,"href":"https:\/\/zonaroja.com.mx\/index.php?rest_route=\/wp\/v2\/posts\/32988\/revisions\/32990"}],"wp:featuredmedia":[{"embeddable":true,"href":"https:\/\/zonaroja.com.mx\/index.php?rest_route=\/wp\/v2\/media\/32989"}],"wp:attachment":[{"href":"https:\/\/zonaroja.com.mx\/index.php?rest_route=%2Fwp%2Fv2%2Fmedia&parent=32988"}],"wp:term":[{"taxonomy":"category","embeddable":true,"href":"https:\/\/zonaroja.com.mx\/index.php?rest_route=%2Fwp%2Fv2%2Fcategories&post=32988"},{"taxonomy":"post_tag","embeddable":true,"href":"https:\/\/zonaroja.com.mx\/index.php?rest_route=%2Fwp%2Fv2%2Ftags&post=32988"}],"curies":[{"name":"wp","href":"https:\/\/api.w.org\/{rel}","templated":true}]}}