{"id":3299,"date":"2019-08-22T19:39:24","date_gmt":"2019-08-23T00:39:24","guid":{"rendered":"http:\/\/www.zonaroja.com.mx\/?p=3299"},"modified":"2019-08-22T19:39:27","modified_gmt":"2019-08-23T00:39:27","slug":"respalda-el-ieepo-iniciativa-de-prohibir-el-plastico-para-forrar-utiles","status":"publish","type":"post","link":"https:\/\/zonaroja.com.mx\/?p=3299","title":{"rendered":"Respalda el IEEPO iniciativa de prohibir el pl\u00e1stico para forrar \u00fatiles"},"content":{"rendered":"\n<p>Redacci\u00f3n\/Zona\nRoja.<\/p>\n\n\n\n<p>Oaxaca de\nJu\u00e1rez, Oax., 22 de agosto de 2019.- En v\u00edsperas del inicio formal del ciclo\nescolar 2019-2020, el Instituto Estatal de Educaci\u00f3n P\u00fablica de Oaxaca (IEEPO)\nrespald\u00f3 la iniciativa del Congreso para prohibir el uso de pl\u00e1stico en la\npreparaci\u00f3n de materiales escolares.<\/p>\n\n\n\n<p>\u201cEl IEEPO exhorta a supervisores, directores y maestros de escuelas y privadas a no pedir el uso de pl\u00e1stico y papel contact para forrar libros, libretas y cuadernos, con la finalidad de contribuir a la preservaci\u00f3n del medio ambiente\u201d, difundi\u00f3.<\/p>\n\n\n\n<figure class=\"wp-block-embed-twitter wp-block-embed is-type-rich is-provider-twitter\"><div class=\"wp-block-embed__wrapper\">\n<div class=\"twitter-tweet\"><blockquote class=\"twitter-tweet\" data-lang=\"es\"><p lang=\"es\" dir=\"ltr\">\u00a1Cuidemos el medio ambiente! <br>El IEEPO invita a supervisores, directores y maestros de educaci\u00f3n b\u00e1sica a evitar el uso de pl\u00e1stico y papel contact, para forrar libros y libretas. <a href=\"https:\/\/t.co\/cUo587eI3l\">pic.twitter.com\/cUo587eI3l<\/a><\/p>&mdash; IEEPO (@IEEPOGobOax) <a href=\"https:\/\/twitter.com\/IEEPOGobOax\/status\/1164544256234496000?ref_src=twsrc%5Etfw\">22 de agosto de 2019<\/a><\/blockquote><\/div>\n<\/div><\/figure>\n\n\n\n<p>Asimismo,\nmediante la circular IEEPO\/UEP\/19\/2019, la instituci\u00f3n que preside Francisco \u00c1ngel\nVillarreal, dirigi\u00f3 desde el 15 de agosto un comunicado oficial para dar a\nconocer el contenido del acuerdo tomado el pasado 7 de agosto por la 64\nLegislatura.<\/p>\n\n\n\n<p>\u201c\u00a1Es momento de reciclar, reutilizar, ahorrar y no contaminar!\u201d, refiere el IEEPO en el mensaje que difunde masivamente por distintos medios.<\/p>\n\n\n\n<figure class=\"wp-block-embed-twitter wp-block-embed is-type-rich is-provider-twitter\"><div class=\"wp-block-embed__wrapper\">\n<div class=\"twitter-tweet\"><blockquote class=\"twitter-tweet\" data-lang=\"es\"><p lang=\"es\" dir=\"ltr\">\u00a1Forra tus libretas de sue\u00f1os, de muchas ganas de aprender y de mucho, mucho amor por nuestro medio ambiente! <a href=\"https:\/\/twitter.com\/hashtag\/EscuelaSinPl%C3%A1stico?src=hash&amp;ref_src=twsrc%5Etfw\">#EscuelaSinPl\u00e1stico<\/a> <a href=\"https:\/\/twitter.com\/hashtag\/Oaxaca?src=hash&amp;ref_src=twsrc%5Etfw\">#Oaxaca<\/a> <a href=\"https:\/\/twitter.com\/TuiteraMx?ref_src=twsrc%5Etfw\">@TuiteraMx<\/a> <a href=\"https:\/\/twitter.com\/SEMAEDESO?ref_src=twsrc%5Etfw\">@SEMAEDESO<\/a> <a href=\"https:\/\/twitter.com\/LauraEstradaMau?ref_src=twsrc%5Etfw\">@LauraEstradaMau<\/a> <a href=\"https:\/\/twitter.com\/Eltiotonysoy?ref_src=twsrc%5Etfw\">@Eltiotonysoy<\/a> <a href=\"https:\/\/twitter.com\/LauraEstradaMau?ref_src=twsrc%5Etfw\">@LauraEstradaMau<\/a> <a href=\"https:\/\/twitter.com\/Desde_Izquierda?ref_src=twsrc%5Etfw\">@Desde_Izquierda<\/a> <a href=\"https:\/\/twitter.com\/DipsMorenaOax?ref_src=twsrc%5Etfw\">@DipsMorenaOax<\/a> <a href=\"https:\/\/twitter.com\/HoracioSosaOax?ref_src=twsrc%5Etfw\">@HoracioSosaOax<\/a> <a href=\"https:\/\/twitter.com\/itzel_espinosa?ref_src=twsrc%5Etfw\">@itzel_espinosa<\/a> <a href=\"https:\/\/t.co\/nXwt4Sn7Yp\">pic.twitter.com\/nXwt4Sn7Yp<\/a><\/p>&mdash; Magaly L\u00f3pez Dom\u00ednguez (@Magaly_LopezOax) <a href=\"https:\/\/twitter.com\/Magaly_LopezOax\/status\/1164557668268171267?ref_src=twsrc%5Etfw\">22 de agosto de 2019<\/a><\/blockquote><\/div>\n<\/div><\/figure>\n\n\n\n<p>ACUERDO CON\nS-22<\/p>\n\n\n\n<p>Por otro\nlado, el Instituto dio a conocer de una reuni\u00f3n de trabajo con la dirigencia de\nla Secci\u00f3n 22 del Sindicato Nacional de Trabajadores de la Educaci\u00f3n, as\u00ed como\nrepresentantes de la Secretar\u00eda de Educaci\u00f3n P\u00fablica.<\/p>\n\n\n\n<p>Expuso que en\nun marco de di\u00e1logo y acuerdos conjuntos, en la reuni\u00f3n presidida por el\ndirector general del organismo estatal, Francisco \u00c1ngel Villarreal; el director\ngeneral de Educaci\u00f3n Ind\u00edgena (DGEI) de la SEP, Javier L\u00f3pez S\u00e1nchez y la\ndirigencia magisterial, se present\u00f3 y revis\u00f3 la propuesta de un Curso de\nInducci\u00f3n a la Docencia para Educaci\u00f3n Ind\u00edgena con el objetivo de que j\u00f3venes\nbachilleres puedan ingresar al servicio educativo docente. <\/p>\n\n\n\n<p>El titular\nde la DGEI indic\u00f3 que por instrucciones del Secretario de Educaci\u00f3n P\u00fablica,\nEsteban Moctezuma Barrag\u00e1n, se revisa el curr\u00edculo nacional de educaci\u00f3n\nb\u00e1sica, pues debe abonar al respeto y comprensi\u00f3n de la diversidad cultural que\nexiste en el pa\u00eds. <\/p>\n\n\n\n<p>En su intervenci\u00f3n el director general del IEEPO agradeci\u00f3 la presencia del funcionario de la Secretar\u00eda de Educaci\u00f3n P\u00fablica y se\u00f1al\u00f3 que en el estado m\u00e1s de una tercera parte de poblaci\u00f3n es hablante de alguna lengua ind\u00edgena lo que requiere de una atenci\u00f3n particular, por lo que este Curso de Inducci\u00f3n busca ser una soluci\u00f3n para que aumente la cantidad de maestros y maestras que trabajen en los pueblos originarios. <\/p>\n\n\n\n<figure class=\"wp-block-embed-twitter wp-block-embed is-type-rich is-provider-twitter\"><div class=\"wp-block-embed__wrapper\">\n<div class=\"twitter-tweet\"><blockquote class=\"twitter-tweet\" data-lang=\"es\"><p lang=\"es\" dir=\"ltr\">Impulsan SEP y el IEEPO propuesta de Curso de Inducci\u00f3n a la Docencia para Educaci\u00f3n Ind\u00edgena <a href=\"https:\/\/t.co\/40RaqVZ9uI\">https:\/\/t.co\/40RaqVZ9uI<\/a> <a href=\"https:\/\/t.co\/OQgWgru2m6\">pic.twitter.com\/OQgWgru2m6<\/a><\/p>&mdash; IEEPO (@IEEPOGobOax) <a href=\"https:\/\/twitter.com\/IEEPOGobOax\/status\/1164534506662924288?ref_src=twsrc%5Etfw\">22 de agosto de 2019<\/a><\/blockquote><\/div>\n<\/div><\/figure>\n\n\n\n<p>A su vez, el\nsecretario general de la Secci\u00f3n 22, Eloy L\u00f3pez Hern\u00e1ndez, resalt\u00f3 las labores que\nllevan a cabo las y los profesores de Educaci\u00f3n Ind\u00edgena de la entidad y en\nrelaci\u00f3n al Curso de Inducci\u00f3n a la Docencia refiri\u00f3 que forma parte de una\nserie de respuestas que se requieren en la educaci\u00f3n que se imparte a los\npueblos originarios. <\/p>\n\n\n\n<p>En el\ncontenido del Curso de Inducci\u00f3n se contemplan temas como el An\u00e1lisis y\nreflexi\u00f3n de los principios \u00e9ticos y filos\u00f3ficos en la Educaci\u00f3n Ind\u00edgena;\nLengua y cultura, grupos multigrado, estrategias de planeaci\u00f3n did\u00e1ctica y\ncomunidad por el bienestar de la ni\u00f1ez, entre otros.<\/p>\n","protected":false},"excerpt":{"rendered":"<p>Redacci\u00f3n\/Zona Roja. Oaxaca de Ju\u00e1rez, Oax., 22 de agosto de 2019.- En v\u00edsperas del inicio&hellip;<\/p>\n","protected":false},"author":2,"featured_media":3300,"comment_status":"closed","ping_status":"open","sticky":false,"template":"","format":"standard","meta":{"_lmt_disableupdate":"","_lmt_disable":"","_jetpack_memberships_contains_paid_content":false,"footnotes":""},"categories":[109,51],"tags":[599,312],"class_list":["post-3299","post","type-post","status-publish","format-standard","has-post-thumbnail","hentry","category-minuto-a-minuto","category-zona-roja","tag-instituto-estatal-de-educacion-publica-de-oaxaca","tag-seccion-22-del-snte"],"jetpack_featured_media_url":"https:\/\/zonaroja.com.mx\/wp-content\/uploads\/2019\/08\/01-IEEPO.jpeg","jetpack_sharing_enabled":true,"_links":{"self":[{"href":"https:\/\/zonaroja.com.mx\/index.php?rest_route=\/wp\/v2\/posts\/3299","targetHints":{"allow":["GET"]}}],"collection":[{"href":"https:\/\/zonaroja.com.mx\/index.php?rest_route=\/wp\/v2\/posts"}],"about":[{"href":"https:\/\/zonaroja.com.mx\/index.php?rest_route=\/wp\/v2\/types\/post"}],"author":[{"embeddable":true,"href":"https:\/\/zonaroja.com.mx\/index.php?rest_route=\/wp\/v2\/users\/2"}],"replies":[{"embeddable":true,"href":"https:\/\/zonaroja.com.mx\/index.php?rest_route=%2Fwp%2Fv2%2Fcomments&post=3299"}],"version-history":[{"count":1,"href":"https:\/\/zonaroja.com.mx\/index.php?rest_route=\/wp\/v2\/posts\/3299\/revisions"}],"predecessor-version":[{"id":3301,"href":"https:\/\/zonaroja.com.mx\/index.php?rest_route=\/wp\/v2\/posts\/3299\/revisions\/3301"}],"wp:featuredmedia":[{"embeddable":true,"href":"https:\/\/zonaroja.com.mx\/index.php?rest_route=\/wp\/v2\/media\/3300"}],"wp:attachment":[{"href":"https:\/\/zonaroja.com.mx\/index.php?rest_route=%2Fwp%2Fv2%2Fmedia&parent=3299"}],"wp:term":[{"taxonomy":"category","embeddable":true,"href":"https:\/\/zonaroja.com.mx\/index.php?rest_route=%2Fwp%2Fv2%2Fcategories&post=3299"},{"taxonomy":"post_tag","embeddable":true,"href":"https:\/\/zonaroja.com.mx\/index.php?rest_route=%2Fwp%2Fv2%2Ftags&post=3299"}],"curies":[{"name":"wp","href":"https:\/\/api.w.org\/{rel}","templated":true}]}}