{"id":32991,"date":"2021-10-10T08:02:10","date_gmt":"2021-10-10T13:02:10","guid":{"rendered":"http:\/\/www.zonaroja.com.mx\/?p=32991"},"modified":"2021-10-10T08:02:18","modified_gmt":"2021-10-10T13:02:18","slug":"ratifica-teeo-triunfo-de-gabriela-diaz-en-san-jacinto-amilpas-oaxaca","status":"publish","type":"post","link":"https:\/\/zonaroja.com.mx\/?p=32991","title":{"rendered":"Ratifica TEEO triunfo de Gabriela D\u00edaz en San Jacinto Amilpas, Oaxaca"},"content":{"rendered":"\n<p>Redacci\u00f3n\/Zona Roja.<\/p>\n\n\n\n<p>Oaxaca de Ju\u00e1rez, Oax., 10 de octubre de 2021.- El pleno del Tribunal Estatal Electoral de Oaxaca (TEEO), valid\u00f3 la elecci\u00f3n en el municipio de San Jacinto Amilpas, as\u00ed como el otorgamiento de la constancia de mayor\u00eda y validez que la acreditan a Gabriela D\u00edaz como presidenta electa.<\/p>\n\n\n\n<p>En los expedientes RIN\/EA\/12\/2021 y acumulados, las y los magistrados declararon inoperantes e infundados los agravios presentados en contra de la planilla representada por Gabriela D\u00edaz.<\/p>\n\n\n\n<p>En votaci\u00f3n, la presidenta magistrada del TEEO, Elizabeth Bautista Velasco as\u00ed como otros tres magistrados votaron a favor de la resoluci\u00f3n, el \u00fanico que se opuso fue el magistrado Wilfrido L\u00f3pez V\u00e1squez.<\/p>\n\n\n\n<p>Aun cuando la administraci\u00f3n arranca en dos meses y medio, Gabriela D\u00edaz presidenta electa de San Jacinto Amilpas ha iniciado con el trabajo a favor de la comunidad, realizando reuniones con la ciudadan\u00eda, as\u00ed mismo emprendi\u00f3 una serie de visitas a la Ciudad de M\u00e9xico, donde se ha reunido con senadores de la Rep\u00fablica y diputados federales, a fin de crear puentes que ayuden al desarrollo del municipio.<\/p>\n\n\n\n<p>La edil electa invit\u00f3 a los&nbsp; diferentes actores pol\u00edticos del municipio a dejar las diferencias en el pasado y trabajar en uni\u00f3n mujeres y hombres por el bienestar de los chinte\u00f1os.<\/p>\n","protected":false},"excerpt":{"rendered":"<p>Redacci\u00f3n\/Zona Roja. Oaxaca de Ju\u00e1rez, Oax., 10 de octubre de 2021.- El pleno del Tribunal&hellip;<\/p>\n","protected":false},"author":2,"featured_media":32992,"comment_status":"closed","ping_status":"open","sticky":false,"template":"","format":"standard","meta":{"_lmt_disableupdate":"","_lmt_disable":"","_jetpack_memberships_contains_paid_content":false,"footnotes":""},"categories":[109,46],"tags":[77],"class_list":["post-32991","post","type-post","status-publish","format-standard","has-post-thumbnail","hentry","category-minuto-a-minuto","category-zona-blanca","tag-san-jacinto-amilpas"],"jetpack_featured_media_url":"https:\/\/zonaroja.com.mx\/wp-content\/uploads\/2021\/10\/Gabriela-Diaz-San-Jacinto-Amilpas.jpg","jetpack_sharing_enabled":true,"_links":{"self":[{"href":"https:\/\/zonaroja.com.mx\/index.php?rest_route=\/wp\/v2\/posts\/32991","targetHints":{"allow":["GET"]}}],"collection":[{"href":"https:\/\/zonaroja.com.mx\/index.php?rest_route=\/wp\/v2\/posts"}],"about":[{"href":"https:\/\/zonaroja.com.mx\/index.php?rest_route=\/wp\/v2\/types\/post"}],"author":[{"embeddable":true,"href":"https:\/\/zonaroja.com.mx\/index.php?rest_route=\/wp\/v2\/users\/2"}],"replies":[{"embeddable":true,"href":"https:\/\/zonaroja.com.mx\/index.php?rest_route=%2Fwp%2Fv2%2Fcomments&post=32991"}],"version-history":[{"count":1,"href":"https:\/\/zonaroja.com.mx\/index.php?rest_route=\/wp\/v2\/posts\/32991\/revisions"}],"predecessor-version":[{"id":32993,"href":"https:\/\/zonaroja.com.mx\/index.php?rest_route=\/wp\/v2\/posts\/32991\/revisions\/32993"}],"wp:featuredmedia":[{"embeddable":true,"href":"https:\/\/zonaroja.com.mx\/index.php?rest_route=\/wp\/v2\/media\/32992"}],"wp:attachment":[{"href":"https:\/\/zonaroja.com.mx\/index.php?rest_route=%2Fwp%2Fv2%2Fmedia&parent=32991"}],"wp:term":[{"taxonomy":"category","embeddable":true,"href":"https:\/\/zonaroja.com.mx\/index.php?rest_route=%2Fwp%2Fv2%2Fcategories&post=32991"},{"taxonomy":"post_tag","embeddable":true,"href":"https:\/\/zonaroja.com.mx\/index.php?rest_route=%2Fwp%2Fv2%2Ftags&post=32991"}],"curies":[{"name":"wp","href":"https:\/\/api.w.org\/{rel}","templated":true}]}}