{"id":33000,"date":"2021-10-10T18:42:00","date_gmt":"2021-10-10T23:42:00","guid":{"rendered":"http:\/\/www.zonaroja.com.mx\/?p=33000"},"modified":"2021-10-10T18:53:47","modified_gmt":"2021-10-10T23:53:47","slug":"karen-vega-la-verdadera-belleza-indigena-que-compite-con-yalitza","status":"publish","type":"post","link":"https:\/\/zonaroja.com.mx\/?p=33000","title":{"rendered":"Karen Vega, la verdadera belleza ind\u00edgena que compite con Yalitza"},"content":{"rendered":"\n<p>Redacci\u00f3n\/Zona Roja Cdmx.<\/p>\n\n\n\n<p>Ciudad de M\u00e9xico, 10 de octubre de 2021.- La actriz Yalitza Aparicio ha demostrado que lleg\u00f3 al mundo del espect\u00e1culo para quedarse.<\/p>\n\n\n\n<p>Pero no es la \u00fanica originaria del estado de Oaxaca que triunfa a lo grande, pues Karen Vega, es una modelo que representa con orgullo la belleza de M\u00e9xico al posar para reconocidas publicaciones y luciendo las mejores marcas de alta costura.<\/p>\n\n\n\n<p>Aunque Aparicio debut\u00f3 como actriz en la pel\u00edcula \u00abRoma\u00bb de Alfonso Cuar\u00f3n en el a\u00f1o 2018, su popularidad y talento la llevaron a formar parte r\u00e1pidamente de muchas portadas de revista. Es as\u00ed que la hemos podido ver en \u201cVogue\u201d, \u201cVanity Fair\u201d, \u201cHola!\u201d, \u201cElle\u201d y muchas m\u00e1s.<\/p>\n\n\n\n<p>Originaria de Tlaxiaco, Oaxaca, y con 27 a\u00f1os, la actriz ya es una de las mexicanas m\u00e1s reconocidas a nivel internacional, por lo que en el a\u00f1o 2019, la revista \u201cTime\u201d la nombr\u00f3 una de las 100 personas m\u00e1s influyentes del mundo, y en octubre del mismo a\u00f1o fue nombrada Embajadora de las Naciones Unidas para los pueblos ind\u00edgenas.<\/p>\n\n\n\n<p>KAREN VEGA<\/p>\n\n\n\n<p>Pero al igual que Yalitza, hay una mujer mexicana que est\u00e1 poniendo en alto el nombre de su tierra natal y de M\u00e9xico, nos referimos a la joven Karen Vega, quien el a\u00f1o pasado llen\u00f3 los titulares de los medios por ser la primera modelo oaxaque\u00f1a en aparecer en \u201cVogue\u201d.<\/p>\n\n\n\n<p>Karen naci\u00f3 en Oaxaca y su carrera en el modelaje inici\u00f3 luego de ser invitada por la directora creativa y dise\u00f1adora oaxaque\u00f1a Pompi Garc\u00eda y el fot\u00f3grafo Enrique Leyva, para formar parte de una producci\u00f3n llamada \u201cRealismo M\u00e1gico\u201d, con la que se buscaba mostrar m\u00e1s piel morena y nativa en su proyecto.<\/p>\n\n\n\n<p>Vega comenz\u00f3 a interesarse por el mundo del modelaje cuando ten\u00eda 14, y al d\u00eda de hoy ha desfilado para importantes marcas mexicanas y tambi\u00e9n ha lucido las piezas de los mejores dise\u00f1adores de alta costura, como se puede observar en su cuenta de Instagram @karenespinosavega.<\/p>\n\n\n\n<p>La historia de su incursi\u00f3n en la industria de la moda es un claro ejemplo de triunfo en la lucha contra los estereotipos y los prejuicios raciales que en ocasiones han dejado mal parado al mundo del modelaje en nuestro pa\u00eds, algo que Aparicio tambi\u00e9n logr\u00f3 con su popularidad.<\/p>\n\n\n\n<p>Karen ha participado en desfiles como el del dise\u00f1ador mexicano Barrag\u00e1n en la Ciudad de M\u00e9xico, pero tambi\u00e9n ha posado para la revista \u201cGrazia\u201d, \u201cElle\u201d y la reconocida casa de moda italiana Prada, para la que se luci\u00f3 con todo el estilo y elegancia con piezas de alta costura.<\/p>\n\n\n\n<p>El pasado 23 de agosto, Vega cumpli\u00f3 19 a\u00f1os, y lo celebra con gran \u00e9xito, pues a su corta edad se le augura una destacada carrera en el mundo de la moda, y quiz\u00e1s, al igual que Yalitza, en alg\u00fan momento podr\u00eda sorprender a sus fans y dar el salto al cine o la televisi\u00f3n.<\/p>\n\n\n\n<p>(Informaci\u00f3n de \u201cEl Heraldo de M\u00e9xico\u201d)<\/p>\n","protected":false},"excerpt":{"rendered":"<p>Redacci\u00f3n\/Zona Roja Cdmx. Ciudad de M\u00e9xico, 10 de octubre de 2021.- La actriz Yalitza Aparicio&hellip;<\/p>\n","protected":false},"author":2,"featured_media":33001,"comment_status":"closed","ping_status":"open","sticky":false,"template":"","format":"standard","meta":{"_lmt_disableupdate":"","_lmt_disable":"","_jetpack_memberships_contains_paid_content":false,"footnotes":""},"categories":[109,49],"tags":[1819,913],"class_list":["post-33000","post","type-post","status-publish","format-standard","has-post-thumbnail","hentry","category-minuto-a-minuto","category-zona-fresa","tag-karen-vega","tag-yalitza-aparicio-martinez"],"jetpack_featured_media_url":"https:\/\/zonaroja.com.mx\/wp-content\/uploads\/2021\/10\/Yalitza-Aparicio-y-Karen-Vega.jpg","jetpack_sharing_enabled":true,"_links":{"self":[{"href":"https:\/\/zonaroja.com.mx\/index.php?rest_route=\/wp\/v2\/posts\/33000","targetHints":{"allow":["GET"]}}],"collection":[{"href":"https:\/\/zonaroja.com.mx\/index.php?rest_route=\/wp\/v2\/posts"}],"about":[{"href":"https:\/\/zonaroja.com.mx\/index.php?rest_route=\/wp\/v2\/types\/post"}],"author":[{"embeddable":true,"href":"https:\/\/zonaroja.com.mx\/index.php?rest_route=\/wp\/v2\/users\/2"}],"replies":[{"embeddable":true,"href":"https:\/\/zonaroja.com.mx\/index.php?rest_route=%2Fwp%2Fv2%2Fcomments&post=33000"}],"version-history":[{"count":2,"href":"https:\/\/zonaroja.com.mx\/index.php?rest_route=\/wp\/v2\/posts\/33000\/revisions"}],"predecessor-version":[{"id":33003,"href":"https:\/\/zonaroja.com.mx\/index.php?rest_route=\/wp\/v2\/posts\/33000\/revisions\/33003"}],"wp:featuredmedia":[{"embeddable":true,"href":"https:\/\/zonaroja.com.mx\/index.php?rest_route=\/wp\/v2\/media\/33001"}],"wp:attachment":[{"href":"https:\/\/zonaroja.com.mx\/index.php?rest_route=%2Fwp%2Fv2%2Fmedia&parent=33000"}],"wp:term":[{"taxonomy":"category","embeddable":true,"href":"https:\/\/zonaroja.com.mx\/index.php?rest_route=%2Fwp%2Fv2%2Fcategories&post=33000"},{"taxonomy":"post_tag","embeddable":true,"href":"https:\/\/zonaroja.com.mx\/index.php?rest_route=%2Fwp%2Fv2%2Ftags&post=33000"}],"curies":[{"name":"wp","href":"https:\/\/api.w.org\/{rel}","templated":true}]}}