{"id":33007,"date":"2021-10-10T20:21:04","date_gmt":"2021-10-11T01:21:04","guid":{"rendered":"http:\/\/www.zonaroja.com.mx\/?p=33007"},"modified":"2021-10-10T20:21:08","modified_gmt":"2021-10-11T01:21:08","slug":"primera-semana-de-oaxaca-en-semaforo-verde-1329-contagiados-y-94-decesos","status":"publish","type":"post","link":"https:\/\/zonaroja.com.mx\/?p=33007","title":{"rendered":"Primera semana de Oaxaca en sem\u00e1foro verde: 1,329 contagiados y 94 decesos"},"content":{"rendered":"\n<p>Redacci\u00f3n\/Zona Roja.<\/p>\n\n\n\n<p>Oaxaca de Ju\u00e1rez, Oax., 10 de octubre de 2021.- La primera semana de Oaxaca en sem\u00e1foro epidemiol\u00f3gico verde, pint\u00f3 de rojo.<\/p>\n\n\n\n<p>Y es que de acuerdo con los Servicios de Salud, en el per\u00edodo del 3 al 9 de octubre, la entidad registr\u00f3 un acumulado de 78 mil 832 casos confirmados de Covid-19, observando un descenso con respecto a la semana anterior, pasando de mil 921 a mil 399 registros esta semana.<\/p>\n\n\n\n<p>En un comunicado, dijo que en promedio, la red m\u00e9dica para la atenci\u00f3n de pacientes con esta patolog\u00eda respiratoria fue del 47.1%. Adem\u00e1s, se reportaron 94 desafortunados decesos a causa de este coronavirus.<\/p>\n\n\n\n<p>Con respecto a la Estrategia de la Pol\u00edtica Nacional de Vacunaci\u00f3n contra el virus SARS-CoV-2 para la prevenci\u00f3n de la Covid-19 en M\u00e9xico, durante los \u00faltimos siete d\u00edas se aplicaron en las regiones del Istmo de Tehuantepec y Costa: 616 dosis de la farmac\u00e9utica Sinovac, 30 mil 930 de AstraZeneca y mil 506 de Pfizer-BioNTech, dando un total de 33 mil 052 dosis.<\/p>\n\n\n\n<p>Con base en los \u00abLineamiento para la estimaci\u00f3n de riesgos del sem\u00e1foro por regiones Covid-19\u00bb emitido por el gobierno federal, Oaxaca estar\u00e1 en color verde hasta el domingo 17 de octubre.<\/p>\n\n\n\n<p>La instituci\u00f3n puntualiz\u00f3 que con disciplina y responsabilidad se podr\u00e1 lograr la disminuci\u00f3n de casos activos, hospitalizaciones y muertes, cuidando la salud y la vida de las familias, que es lo m\u00e1s valioso que tenemos.<\/p>\n\n\n\n<figure class=\"wp-block-embed-twitter wp-block-embed is-type-rich is-provider-twitter\"><div class=\"wp-block-embed__wrapper\">\n<div class=\"twitter-tweet\"><blockquote class=\"twitter-tweet\" data-lang=\"es\"><p lang=\"es\" dir=\"ltr\"><a href=\"https:\/\/twitter.com\/hashtag\/%C3%9AltimoMinuto?src=hash&amp;ref_src=twsrc%5Etfw\">#\u00daltimoMinuto<\/a><br>Este domingo, los <a href=\"https:\/\/twitter.com\/SSO_GobOax?ref_src=twsrc%5Etfw\">@SSO_GobOax<\/a> reportaron 116 casos positivos, con lo que se acumulan 78 mil 948 casos confirmados.<br>Tambi\u00e9n, 8 decesos, para un total de 5 mil 308 fallecimientos.<br>Hay 5 hospitales santurados; ocupaci\u00f3n hospitalaria del 42.5%<a href=\"https:\/\/twitter.com\/hashtag\/Qu%C3%A9dateEnCasa?src=hash&amp;ref_src=twsrc%5Etfw\">#Qu\u00e9dateEnCasa<\/a> <a href=\"https:\/\/t.co\/6dqR4yYU0u\">pic.twitter.com\/6dqR4yYU0u<\/a><\/p>&mdash; Zona Roja Oaxaca (@Zona_Roja_Oax) <a href=\"https:\/\/twitter.com\/Zona_Roja_Oax\/status\/1447366213571600385?ref_src=twsrc%5Etfw\">11 de octubre de 2021<\/a><\/blockquote><\/div>\n<\/div><\/figure>\n","protected":false},"excerpt":{"rendered":"<p>Redacci\u00f3n\/Zona Roja. Oaxaca de Ju\u00e1rez, Oax., 10 de octubre de 2021.- La primera semana de&hellip;<\/p>\n","protected":false},"author":2,"featured_media":33008,"comment_status":"closed","ping_status":"open","sticky":false,"template":"","format":"standard","meta":{"_lmt_disableupdate":"","_lmt_disable":"","_jetpack_memberships_contains_paid_content":false,"footnotes":""},"categories":[109,47],"tags":[1512],"class_list":["post-33007","post","type-post","status-publish","format-standard","has-post-thumbnail","hentry","category-minuto-a-minuto","category-zona-gris","tag-coronavirus-oaxaca"],"jetpack_featured_media_url":"https:\/\/zonaroja.com.mx\/wp-content\/uploads\/2021\/10\/Covid-sanitizacion-Oaxaca.jpg","jetpack_sharing_enabled":true,"_links":{"self":[{"href":"https:\/\/zonaroja.com.mx\/index.php?rest_route=\/wp\/v2\/posts\/33007","targetHints":{"allow":["GET"]}}],"collection":[{"href":"https:\/\/zonaroja.com.mx\/index.php?rest_route=\/wp\/v2\/posts"}],"about":[{"href":"https:\/\/zonaroja.com.mx\/index.php?rest_route=\/wp\/v2\/types\/post"}],"author":[{"embeddable":true,"href":"https:\/\/zonaroja.com.mx\/index.php?rest_route=\/wp\/v2\/users\/2"}],"replies":[{"embeddable":true,"href":"https:\/\/zonaroja.com.mx\/index.php?rest_route=%2Fwp%2Fv2%2Fcomments&post=33007"}],"version-history":[{"count":1,"href":"https:\/\/zonaroja.com.mx\/index.php?rest_route=\/wp\/v2\/posts\/33007\/revisions"}],"predecessor-version":[{"id":33009,"href":"https:\/\/zonaroja.com.mx\/index.php?rest_route=\/wp\/v2\/posts\/33007\/revisions\/33009"}],"wp:featuredmedia":[{"embeddable":true,"href":"https:\/\/zonaroja.com.mx\/index.php?rest_route=\/wp\/v2\/media\/33008"}],"wp:attachment":[{"href":"https:\/\/zonaroja.com.mx\/index.php?rest_route=%2Fwp%2Fv2%2Fmedia&parent=33007"}],"wp:term":[{"taxonomy":"category","embeddable":true,"href":"https:\/\/zonaroja.com.mx\/index.php?rest_route=%2Fwp%2Fv2%2Fcategories&post=33007"},{"taxonomy":"post_tag","embeddable":true,"href":"https:\/\/zonaroja.com.mx\/index.php?rest_route=%2Fwp%2Fv2%2Ftags&post=33007"}],"curies":[{"name":"wp","href":"https:\/\/api.w.org\/{rel}","templated":true}]}}