{"id":33010,"date":"2021-10-10T20:35:15","date_gmt":"2021-10-11T01:35:15","guid":{"rendered":"http:\/\/www.zonaroja.com.mx\/?p=33010"},"modified":"2021-10-10T20:35:21","modified_gmt":"2021-10-11T01:35:21","slug":"sigue-pugna-en-steuabjo-por-dirigencia-sindicatos-reanudan-protestas-manana","status":"publish","type":"post","link":"https:\/\/zonaroja.com.mx\/?p=33010","title":{"rendered":"Sigue pugna en STEUABJO por dirigencia; sindicatos reanudan protestas ma\u00f1ana"},"content":{"rendered":"\n<p>Ismael Garc\u00eda M.\/Zona Roja.<\/p>\n\n\n\n<p>Oaxaca de Ju\u00e1rez, Oax., 10 de octubre de 2021.- La pugna por la dirigencia del Sindicato de Trabajadores y Empleados de la UABJO (STEUABJO) no cesa, al recriminar Ariel Luj\u00e1n P\u00e9rez como ilegal su destituci\u00f3n.<\/p>\n\n\n\n<p>El pasado viernes, en asamblea general efectuada en el patio de la Facultad de Contadur\u00eda y Administraci\u00f3n, la mayor\u00eda decidi\u00f3 deponer a Luj\u00e1n P\u00e9rez y designar al secretario de Organizaci\u00f3n, Julio Mora &#8211;presunto \u201cporro\u201d universitario&#8211;, como nuevo secretario General.<\/p>\n\n\n\n<p>Ante ello, Ariel Luj\u00e1n expuso que no hubo qu\u00f3rum en dicha sesi\u00f3n, pues se requiere de las dos terceras partes de afiliados y s\u00f3lo asistieron 236 de dos mil 151 agremiados.<\/p>\n\n\n\n<p>\u201cDebido a esto no se pudo instalar la asamblea, por lo cual no se podr\u00eda tomar ning\u00fan acuerdo, sin embargo, al tratar de informar el Comit\u00e9 Ejecutivo a la base presente sobre las dudas expuestas en oficinas sindicales, no permitieron que fuera informativa, siendo abucheados sin permitirnos poder expresarnos o defendernos de su ataque.<\/p>\n\n\n\n<p>\u201cPues su verdadero prop\u00f3sito fue darme un golpe de Estado, primero me invitaron a renunciar, a lo que yo me negu\u00e9 y posteriormente, decid\u00ed abandonar el lugar para evitar exponer a los compa\u00f1eros presentes, ya que la euforia de los compa\u00f1eros se hab\u00eda desbordado, sali\u00e9ndose de control\u201d y la cantidad de \u2018porros\u2019 que se hab\u00eda infiltrado pon\u00eda en riesgo la integridad de los ah\u00ed presentes\u201d.<\/p>\n\n\n\n<figure class=\"wp-block-image size-large\"><img decoding=\"async\" width=\"625\" height=\"1024\" src=\"http:\/\/www.zonaroja.com.mx\/wp-content\/uploads\/2021\/10\/Carta-STEUABJO-625x1024.jpg\" alt=\"\" class=\"wp-image-33012\" srcset=\"https:\/\/zonaroja.com.mx\/wp-content\/uploads\/2021\/10\/Carta-STEUABJO-625x1024.jpg 625w, https:\/\/zonaroja.com.mx\/wp-content\/uploads\/2021\/10\/Carta-STEUABJO-183x300.jpg 183w, https:\/\/zonaroja.com.mx\/wp-content\/uploads\/2021\/10\/Carta-STEUABJO-768x1259.jpg 768w, https:\/\/zonaroja.com.mx\/wp-content\/uploads\/2021\/10\/Carta-STEUABJO-585x959.jpg 585w, https:\/\/zonaroja.com.mx\/wp-content\/uploads\/2021\/10\/Carta-STEUABJO.jpg 781w\" sizes=\"(max-width: 625px) 100vw, 625px\" \/><\/figure>\n\n\n\n<p>Luj\u00e1n P\u00e9rez a\u00f1adi\u00f3 que no ha incurrido en ninguna falta que amerite destituci\u00f3n y, si la hubiera, se tendr\u00eda que convocar a una asamblea extraordinaria donde se requiere el qu\u00f3rum antes mencionado.<\/p>\n\n\n\n<p>\u201cHoy me dirijo a ustedes para clarificar que no se instal\u00f3 la asamblea ni tampoco fui destituido de mi cargo y mucho menos renunci\u00e9 a \u00e9l\u201d, remarc\u00f3, al exhortar al STEUABJO a la unidad.<\/p>\n\n\n\n<p>En el interior del sindicato de trabajadores administrativos, desde hace m\u00e1s de dos semanas hay una inconformidad en contra de Ariel Luj\u00e1n P\u00e9rez, a quien acusan de negociar para sus fines personales con la Secretar\u00eda General de Gobierno.<\/p>\n\n\n\n<p>Por otra parte, este domingo contin\u00faa la protesta de afiliados al Sindicato de Empleados de Confianza que, junto con el STEUABJO, pretenden reanudar este lunes con cierre de vialidades; en Ciudad Universitaria contin\u00faan con la retenci\u00f3n de unos 15 camiones de pasajeros.<\/p>\n","protected":false},"excerpt":{"rendered":"<p>Ismael Garc\u00eda M.\/Zona Roja. Oaxaca de Ju\u00e1rez, Oax., 10 de octubre de 2021.- La pugna&hellip;<\/p>\n","protected":false},"author":2,"featured_media":33011,"comment_status":"closed","ping_status":"open","sticky":false,"template":"","format":"standard","meta":{"_lmt_disableupdate":"","_lmt_disable":"","_jetpack_memberships_contains_paid_content":false,"footnotes":""},"categories":[109,47],"tags":[],"class_list":["post-33010","post","type-post","status-publish","format-standard","has-post-thumbnail","hentry","category-minuto-a-minuto","category-zona-gris"],"jetpack_featured_media_url":"https:\/\/zonaroja.com.mx\/wp-content\/uploads\/2021\/10\/Ariel-Lujan-se-esconde-manta.jpeg","jetpack_sharing_enabled":true,"_links":{"self":[{"href":"https:\/\/zonaroja.com.mx\/index.php?rest_route=\/wp\/v2\/posts\/33010","targetHints":{"allow":["GET"]}}],"collection":[{"href":"https:\/\/zonaroja.com.mx\/index.php?rest_route=\/wp\/v2\/posts"}],"about":[{"href":"https:\/\/zonaroja.com.mx\/index.php?rest_route=\/wp\/v2\/types\/post"}],"author":[{"embeddable":true,"href":"https:\/\/zonaroja.com.mx\/index.php?rest_route=\/wp\/v2\/users\/2"}],"replies":[{"embeddable":true,"href":"https:\/\/zonaroja.com.mx\/index.php?rest_route=%2Fwp%2Fv2%2Fcomments&post=33010"}],"version-history":[{"count":1,"href":"https:\/\/zonaroja.com.mx\/index.php?rest_route=\/wp\/v2\/posts\/33010\/revisions"}],"predecessor-version":[{"id":33013,"href":"https:\/\/zonaroja.com.mx\/index.php?rest_route=\/wp\/v2\/posts\/33010\/revisions\/33013"}],"wp:featuredmedia":[{"embeddable":true,"href":"https:\/\/zonaroja.com.mx\/index.php?rest_route=\/wp\/v2\/media\/33011"}],"wp:attachment":[{"href":"https:\/\/zonaroja.com.mx\/index.php?rest_route=%2Fwp%2Fv2%2Fmedia&parent=33010"}],"wp:term":[{"taxonomy":"category","embeddable":true,"href":"https:\/\/zonaroja.com.mx\/index.php?rest_route=%2Fwp%2Fv2%2Fcategories&post=33010"},{"taxonomy":"post_tag","embeddable":true,"href":"https:\/\/zonaroja.com.mx\/index.php?rest_route=%2Fwp%2Fv2%2Ftags&post=33010"}],"curies":[{"name":"wp","href":"https:\/\/api.w.org\/{rel}","templated":true}]}}