{"id":33015,"date":"2021-10-10T22:10:57","date_gmt":"2021-10-11T03:10:57","guid":{"rendered":"http:\/\/www.zonaroja.com.mx\/?p=33015"},"modified":"2021-10-10T22:11:01","modified_gmt":"2021-10-11T03:11:01","slug":"ejecutan-a-individuo-en-juchitan-muere-baleado-en-xoxocotlan","status":"publish","type":"post","link":"https:\/\/zonaroja.com.mx\/?p=33015","title":{"rendered":"Ejecutan a individuo en Juchit\u00e1n; muere baleado en Xoxocotl\u00e1n"},"content":{"rendered":"\n<p>Redacci\u00f3n\/Zona Roja.<\/p>\n\n\n\n<p>Oaxaca de Ju\u00e1rez, Oax., 10 de octubre de 2021.- Una persona fue ejecutada a balazos la noche del s\u00e1bado, en Juchit\u00e1n de Zaragoza.<\/p>\n\n\n\n<p>El crimen se perpetr\u00f3 en la calle principal de la colonia 6 de Noviembre, donde asesinaron a quien fue identificado de manera preliminar como Heriberto T. S., de 42 a\u00f1os de edad.<\/p>\n\n\n\n<p>De acuerdo con informes policiacos, los familiares impidieron las labores periciales y se llevaron de inmediato el cuerpo a su domicilio.<\/p>\n\n\n\n<p>Por otra parte, ayer muri\u00f3 en un hospital un chofer de un taxi atacado a balazos el viernes anterior, en Santa Cruz Xoxocotl\u00e1n.<\/p>\n\n\n\n<p>Wilfrido J.R., de 40 a\u00f1os de edad, conduc\u00eda una taxi del sitio \u201c21 de Marzo\u201d en la colonia Rufino Tamayo, cuando fue agredido a balazos; tras ello, fue trasladado al hospital \u201cSanta Anita\u201d, donde finalmente perdi\u00f3 la vida.<\/p>\n\n\n\n<p>Ten\u00eda su domicilio en Nazareno, Xoxocotl\u00e1n, pero era originario de San Antonio Huitepec, Zaachila, y hasta el momento se desconoce el m\u00f3vil del crimen.<\/p>\n","protected":false},"excerpt":{"rendered":"<p>Redacci\u00f3n\/Zona Roja. Oaxaca de Ju\u00e1rez, Oax., 10 de octubre de 2021.- Una persona fue ejecutada&hellip;<\/p>\n","protected":false},"author":2,"featured_media":1544,"comment_status":"closed","ping_status":"open","sticky":false,"template":"","format":"standard","meta":{"_lmt_disableupdate":"","_lmt_disable":"","_jetpack_memberships_contains_paid_content":false,"footnotes":""},"categories":[109,51],"tags":[123],"class_list":["post-33015","post","type-post","status-publish","format-standard","has-post-thumbnail","hentry","category-minuto-a-minuto","category-zona-roja","tag-juchitan-de-zaragoza"],"jetpack_featured_media_url":"https:\/\/zonaroja.com.mx\/wp-content\/uploads\/2019\/06\/Oaxaca-violencia.jpg","jetpack_sharing_enabled":true,"_links":{"self":[{"href":"https:\/\/zonaroja.com.mx\/index.php?rest_route=\/wp\/v2\/posts\/33015","targetHints":{"allow":["GET"]}}],"collection":[{"href":"https:\/\/zonaroja.com.mx\/index.php?rest_route=\/wp\/v2\/posts"}],"about":[{"href":"https:\/\/zonaroja.com.mx\/index.php?rest_route=\/wp\/v2\/types\/post"}],"author":[{"embeddable":true,"href":"https:\/\/zonaroja.com.mx\/index.php?rest_route=\/wp\/v2\/users\/2"}],"replies":[{"embeddable":true,"href":"https:\/\/zonaroja.com.mx\/index.php?rest_route=%2Fwp%2Fv2%2Fcomments&post=33015"}],"version-history":[{"count":1,"href":"https:\/\/zonaroja.com.mx\/index.php?rest_route=\/wp\/v2\/posts\/33015\/revisions"}],"predecessor-version":[{"id":33016,"href":"https:\/\/zonaroja.com.mx\/index.php?rest_route=\/wp\/v2\/posts\/33015\/revisions\/33016"}],"wp:featuredmedia":[{"embeddable":true,"href":"https:\/\/zonaroja.com.mx\/index.php?rest_route=\/wp\/v2\/media\/1544"}],"wp:attachment":[{"href":"https:\/\/zonaroja.com.mx\/index.php?rest_route=%2Fwp%2Fv2%2Fmedia&parent=33015"}],"wp:term":[{"taxonomy":"category","embeddable":true,"href":"https:\/\/zonaroja.com.mx\/index.php?rest_route=%2Fwp%2Fv2%2Fcategories&post=33015"},{"taxonomy":"post_tag","embeddable":true,"href":"https:\/\/zonaroja.com.mx\/index.php?rest_route=%2Fwp%2Fv2%2Ftags&post=33015"}],"curies":[{"name":"wp","href":"https:\/\/api.w.org\/{rel}","templated":true}]}}