{"id":3302,"date":"2019-08-22T20:49:59","date_gmt":"2019-08-23T01:49:59","guid":{"rendered":"http:\/\/www.zonaroja.com.mx\/?p=3302"},"modified":"2019-08-22T20:51:52","modified_gmt":"2019-08-23T01:51:52","slug":"ocho-meses-despues-no-hay-pistas-de-madre-e-hija-desaparecidas-en-oaxaca","status":"publish","type":"post","link":"https:\/\/zonaroja.com.mx\/?p=3302","title":{"rendered":"Ocho meses despu\u00e9s, no hay pistas de madre e hija desaparecidas en Oaxaca"},"content":{"rendered":"\n<p>Evlin\nArag\u00f3n\/Zona Roja.<\/p>\n\n\n\n<p>Oaxaca de\nJu\u00e1rez, Oax., 22 de agosto de 2019.- \u00ab\u00bfQui\u00e9n debe ser Martha para que la\nencuentren?, \u00bfQui\u00e9n debe ser Martha para que la busquen? \u00bfNecesitaba tener un\ncargo importante en alguna universidad? \u00bfHija de un funcionario? \u00bfHija de un\nempresario? \u00bfQui\u00e9n da la cara por ella?\u201d.<\/p>\n\n\n\n<p>Con un video\ngrabado y difundido en redes sociales, docentes y estudiantes de la Universidad\nLa Salle exigieron a la Fiscal\u00eda General del Estado contin\u00fae con la b\u00fasqueda de\nla joven Martha Rosa, matriculada en la instituci\u00f3n, quien desapareci\u00f3 desde\nhace ocho meses junto con su madre Mar\u00eda Concha, quien militaba en el partido\nMovimiento de Regeneraci\u00f3n Nacional (Morena).<\/p>\n\n\n\n<p>Sin importar el tiempo que ha pasado desde su desaparici\u00f3n, exigieron a las autoridades no desistir en la misi\u00f3n de localizar a las dos mujeres que fueron vistas por \u00faltima vez el 24 de diciembre del 2018, al interior de su domicilio en el municipio de San Antonio de la Cal, y hasta el momento no se sabe su paradero.<\/p>\n\n\n\n<figure class=\"wp-block-embed-twitter wp-block-embed is-type-rich is-provider-twitter\"><div class=\"wp-block-embed__wrapper\">\n<div class=\"twitter-tweet\"><blockquote class=\"twitter-tweet\" data-lang=\"es\"><p lang=\"es\" dir=\"ltr\"><a href=\"https:\/\/twitter.com\/hashtag\/OaxacaRojo?src=hash&amp;ref_src=twsrc%5Etfw\">#OaxacaRojo<\/a><br>Ocho meses despu\u00e9s, ni rastros de madre e hija desparecidas; Martha Rosa y Mar\u00eda Concha. La comunidad <a href=\"https:\/\/twitter.com\/ULSA_OAXACA?ref_src=twsrc%5Etfw\">@ULSA_OAXACA<\/a> se une para exigir resultados en b\u00fasqueda de estos y otros casos de personas desaparecidas. \u00bfNecesitan ser hijas de funcionarios para buscarlas?, dicen. <a href=\"https:\/\/t.co\/djXzFEmKVw\">pic.twitter.com\/djXzFEmKVw<\/a><\/p>&mdash; Zona Roja Oaxaca (@MexRoja) <a href=\"https:\/\/twitter.com\/MexRoja\/status\/1164641224273420290?ref_src=twsrc%5Etfw\">22 de agosto de 2019<\/a><\/blockquote><\/div>\n<\/div><\/figure>\n\n\n\n<p>\u201cHablar de\nMarta es hablar de un vida que forma de nuestra universidad, as\u00ed como esperamos\nel regreso de Marta hay cientos de familias que esperan respuestas, justicia y\npaz\u201d, aseguran.<\/p>\n\n\n\n<p>En el video\ntambi\u00e9n reflexionan sobre la problem\u00e1tica actual que se vive en el pa\u00eds ya que\nexisten m\u00e1s de 40 mil personas desparecidas, de las cuales nueve mil 327 son\nmujeres, de acuerdo con el Registro Nacional de Personas Extraviadas o\nDesaparecidas, a la par que mencionaron otros casos de j\u00f3venes cuyo paradero se\ndesconoce.<\/p>\n\n\n\n<p>Seg\u00fan la\norganizaci\u00f3n Consorcio Oaxaca, 625 mujeres han sido reportadas como\ndesaparecidas en lo que va de la administraci\u00f3n de Alejandro Murat Hinojosa,\ncon base en el recuento de casos de violencia de g\u00e9nero que realiza desde hace\nya varios a\u00f1os.<\/p>\n\n\n\n<p>Cabe se\u00f1alar\nque el 13 de enero, F\u00e9lix S. J. L., polic\u00eda en activo de Santa Luc\u00eda del\nCamino, fue aprehendido y llevado a audiencia ante un juez, por la desaparici\u00f3n\nde madre e hija.<\/p>\n\n\n\n<p>Sin embargo,\nlas autoridades no han informado sobre el estatus del responsable y mucho menos\nhan dado con el paradero de las mujeres quienes fueron vistas por \u00faltima vez el\n24 de diciembre del a\u00f1o pasado.<\/p>\n","protected":false},"excerpt":{"rendered":"<p>Evlin Arag\u00f3n\/Zona Roja. Oaxaca de Ju\u00e1rez, Oax., 22 de agosto de 2019.- \u00ab\u00bfQui\u00e9n debe ser&hellip;<\/p>\n","protected":false},"author":2,"featured_media":3303,"comment_status":"closed","ping_status":"open","sticky":false,"template":"","format":"standard","meta":{"_lmt_disableupdate":"","_lmt_disable":"","_jetpack_memberships_contains_paid_content":false,"footnotes":""},"categories":[109,51],"tags":[494,600],"class_list":["post-3302","post","type-post","status-publish","format-standard","has-post-thumbnail","hentry","category-minuto-a-minuto","category-zona-roja","tag-fiscalia-general-del-estado-de-oaxaca","tag-universidad-lasalle"],"jetpack_featured_media_url":"https:\/\/zonaroja.com.mx\/wp-content\/uploads\/2019\/08\/IMG_0896.jpg","jetpack_sharing_enabled":true,"_links":{"self":[{"href":"https:\/\/zonaroja.com.mx\/index.php?rest_route=\/wp\/v2\/posts\/3302","targetHints":{"allow":["GET"]}}],"collection":[{"href":"https:\/\/zonaroja.com.mx\/index.php?rest_route=\/wp\/v2\/posts"}],"about":[{"href":"https:\/\/zonaroja.com.mx\/index.php?rest_route=\/wp\/v2\/types\/post"}],"author":[{"embeddable":true,"href":"https:\/\/zonaroja.com.mx\/index.php?rest_route=\/wp\/v2\/users\/2"}],"replies":[{"embeddable":true,"href":"https:\/\/zonaroja.com.mx\/index.php?rest_route=%2Fwp%2Fv2%2Fcomments&post=3302"}],"version-history":[{"count":1,"href":"https:\/\/zonaroja.com.mx\/index.php?rest_route=\/wp\/v2\/posts\/3302\/revisions"}],"predecessor-version":[{"id":3304,"href":"https:\/\/zonaroja.com.mx\/index.php?rest_route=\/wp\/v2\/posts\/3302\/revisions\/3304"}],"wp:featuredmedia":[{"embeddable":true,"href":"https:\/\/zonaroja.com.mx\/index.php?rest_route=\/wp\/v2\/media\/3303"}],"wp:attachment":[{"href":"https:\/\/zonaroja.com.mx\/index.php?rest_route=%2Fwp%2Fv2%2Fmedia&parent=3302"}],"wp:term":[{"taxonomy":"category","embeddable":true,"href":"https:\/\/zonaroja.com.mx\/index.php?rest_route=%2Fwp%2Fv2%2Fcategories&post=3302"},{"taxonomy":"post_tag","embeddable":true,"href":"https:\/\/zonaroja.com.mx\/index.php?rest_route=%2Fwp%2Fv2%2Ftags&post=3302"}],"curies":[{"name":"wp","href":"https:\/\/api.w.org\/{rel}","templated":true}]}}