{"id":33025,"date":"2021-10-11T08:36:50","date_gmt":"2021-10-11T13:36:50","guid":{"rendered":"http:\/\/www.zonaroja.com.mx\/?p=33025"},"modified":"2021-10-11T08:36:52","modified_gmt":"2021-10-11T13:36:52","slug":"opinion-candidatos-e-indigenas-eterno-lucro-eterna-pobreza","status":"publish","type":"post","link":"https:\/\/zonaroja.com.mx\/?p=33025","title":{"rendered":"Opini\u00f3n. Candidatos e ind\u00edgenas: eterno lucro, eterna pobreza"},"content":{"rendered":"\n<p>Ismael Garc\u00eda M.\/Zona Roja.<\/p>\n\n\n\n<p>Oaxaca de Ju\u00e1rez, Oax., 11 de octubre de 2021.- \u00bfD\u00eda de la Raza? Los ind\u00edgenas en Oaxaca son carne de ca\u00f1\u00f3n para organizaciones sociales; bandera de lucha de gobiernos, causa pol\u00edtica, \u201craz\u00f3n\u201d de Estado, pretexto para exigir dinero, pero jam\u00e1s terminan de aliviarles la pobreza.<\/p>\n\n\n\n<p>Y ahora que inici\u00f3 el proceso electoral, y en unos meses las campa\u00f1as, seguir\u00e1n siendo, lamentablemente, utilizados para fines pol\u00edticos, de lucro.<\/p>\n\n\n\n<p>Los ind\u00edgenas son rentables; la pobreza es rentable, pero para candidatos y pol\u00edticos sin escr\u00fapulos.<\/p>\n\n\n\n<p>Cada trienio o cada sexenio, son olvidados; apenas pasan las campa\u00f1as e inician el gobierno, municipal, estatal o federal, y ya son olvidados, e incluso excluidos.<\/p>\n\n\n\n<p>\u201cRIQUEZA\u201d IND\u00cdGENA<\/p>\n\n\n\n<p>Los datos del Censo de Poblaci\u00f3n y Vivienda 2020 indican que en M\u00e9xico 6.1% de los hombres y 6.1% de las mujeres de 3 a\u00f1os y m\u00e1s habla alguna lengua ind\u00edgena. Es decir, siete millones 364 mil 645 personas, de las cuales, 48.6% son hombres y 51.4% son mujeres; existen 68 etnias.<\/p>\n\n\n\n<p>En el caso de Oaxaca, el censo de 1990 registr\u00f3 un mill\u00f3n 18 mil 106 personas de cinco a\u00f1os y m\u00e1s hablante de lengua ind\u00edgena. Esta poblaci\u00f3n comparada con la cifra de 1970, se increment\u00f3 en 340 mil 759 personas lo que indica una tasa de crecimiento media anual de 2.0% en esos 20 a\u00f1os.<\/p>\n\n\n\n<p>Seg\u00fan el censo 2020, en Oaxaca hay un mill\u00f3n 221 mil 555 personas mayores de tres a\u00f1os de edad que hablan alguna lengua ind\u00edgena.<\/p>\n\n\n\n<p>En sus ocho regiones, hay multitud de variantes de zapoteco y mixteco, las principales lenguas de 16 etnias, pero que paulatinamente se van perdiendo, sin que las instituciones p\u00fablicas hagan algo.<\/p>\n\n\n\n<p>\u00bfLUCHAR POR ELLOS?<\/p>\n\n\n\n<p>Desde hace muchos a\u00f1os, desde hace muchos sexenios, se lucra con ellos, pol\u00edtica y gubernamentalmente.<\/p>\n\n\n\n<p>En el sexenio de Jos\u00e9 Murat, por ejemplo, se invent\u00f3 el Partido Unidad Popular, supuestamente ind\u00edgena 100 por ciento, bajo la tutela de Heriberto Pazos pero con apoyo oficial, para ser tambi\u00e9n comparsa oficial. Ha tenido dos diputados, que s\u00f3lo se llenaron la bolsa de dinero.<\/p>\n\n\n\n<p>Varios dirigentes se han eternizado en el cargo pero hoy los triquis, su principal fortaleza, siguen m\u00e1s pobres que nunca y sufren vejaciones constantes, como es el caso de San Juan Copala y Tierra Blanca Copala, por poner unos ejemplos, donde al menos cuatro organizaciones sociales se disputan a ellos.<\/p>\n\n\n\n<p>S\u00f3lo los dirigentes se han enriquecido de los cargos, pero jam\u00e1s la gente, que siguen acarreando cual animales, para m\u00edtines o marchas, como la que viene este 23 de octubre y como tantas otras que han sucedido.<\/p>\n\n\n\n<p>Posteriormente se cre\u00f3 una Secretar\u00eda de Asuntos Ind\u00edgenas, pero de poco o nada ha servido. Supuestos ind\u00edgenas secretarios van y vienen y jam\u00e1s han logrado frenar la pobreza; un ejemplo, Eufrosina Cruz Mendoza, legisladora plurinominal en repetidas ocasiones.<\/p>\n\n\n\n<p>La raz\u00f3n principal es que no hay dinero para dicha instancia, ahora transformada en Secretar\u00eda de Pueblos Ind\u00edgenas, agencia de colocaciones nada m\u00e1s.<\/p>\n\n\n\n<p>Acaso los logros m\u00e1s relevantes en los a\u00f1os recientes, el reconocimiento constitucional pleno de los pueblos, incluyendo los afromexicanos, as\u00ed como logros en la participaci\u00f3n en el \u00e1mbito electoral.<\/p>\n\n\n\n<p>Sexenio tras sexenio tambi\u00e9n, lo que fue la Comisi\u00f3n para el Desarrollo de Pueblos Ind\u00edgenas era una f\u00e1brica de constructores que se quedaban pr\u00e1cticamente con todo el presupuesto, dejando obras m\u00ednimas y de mala calidad en las comunidades.<\/p>\n\n\n\n<p>Ahora es Instituto Nacional de Pueblos Ind\u00edgenas, bajo la batuta de un oaxaque\u00f1o, Adelfo Regino Montes, pero que ha perdido la mayor parte de su tiempo en supuestas asambleas para decidir megaproyectos.<\/p>\n\n\n\n<p>En materia de obra p\u00fablica, s\u00f3lo coordina el programa de pavimentaci\u00f3n de caminos rurales, principalmente en Oaxaca, pero nada m\u00e1s. S\u00ed, en este caso quedar\u00e1n muchos pueblos comunicados con vialidades pavimentadas, pero eso no quiere decir que autom\u00e1ticamente dejen la pobreza.<\/p>\n\n\n\n<p>&nbsp;Y DE NUEVO<\/p>\n\n\n\n<p>No han comenzado las campa\u00f1as pero ya hay ansias pol\u00edticas para explotar, literalmente, a los ind\u00edgenas.<\/p>\n\n\n\n<p>H\u00e9ctor S\u00e1nchez L\u00f3pez se asume como tal; ex fundador de la COCEI, lucr\u00f3 con ello por muchos a\u00f1os; lleg\u00f3 a ser senador de la Rep\u00fablica, candidato a gobernador y ahora, pr\u00f3spero empresario y funcionario de la Comisi\u00f3n Federal de Electricidad, quiere de nuevo buscar la titularidad del Ejecutivo, de nuevo usando a los ind\u00edgenas.<\/p>\n\n\n\n<p>Otra es Irma Juan Carlos, de la etnia chinanteca, que despu\u00e9s de tres a\u00f1os ya se acord\u00f3 de los pueblos ind\u00edgenas, comenz\u00f3 a recorrer el estado\u2026 en busca de ser postulada como candidata a gobernadora.<\/p>\n\n\n\n<p>Su discurso principal son los m\u00e1s pobres, los marginados, que \u201cahora s\u00ed deben llegar al poder\u201d, as\u00ed sea sobajando a sus contendientes, como Susana Harp. \u00bfHa hecho algo por Oaxaca? Es la presidenta de la Comisi\u00f3n de Pueblos Ind\u00edgenas de la C\u00e1mara alta, pero hasta ah\u00ed.<\/p>\n\n\n\n<p>Nombres hay muchos m\u00e1s y seguir\u00e1n surgiendo en los pr\u00f3ximos d\u00edas, pero solamente para utilizar por en\u00e9sima vez a los pobres entre los pobres, para acarrearlos, para vestirlos de ind\u00edgenas, para utilizarlos y luego abandonarlos.<\/p>\n\n\n\n<p>Por cierto, el Consejo Nacional de Evaluaci\u00f3n de la Pol\u00edtica de Desarrollo Social detall\u00f3 en su estudio del a\u00f1o 2020, que de acuerdo con los resultados de la medici\u00f3n de la pobreza 2018, el 66.4% de la poblaci\u00f3n de la entidad viv\u00eda en situaci\u00f3n de pobreza, es decir, 2,714,700 personas, aproximadamente.<\/p>\n\n\n\n<p>De este universo, el 43.1% (cerca de 1,762,800 personas) estaba en situaci\u00f3n de pobreza moderada, mientras que el 23.3% de la poblaci\u00f3n se encontraba en situaci\u00f3n de pobreza extrema (alrededor de 951,800 personas).<\/p>\n\n\n\n<p>El porcentaje de pobreza en Oaxaca es 24.4 puntos porcentuales mayor que el porcentaje nacional (41.9%).<\/p>\n\n\n\n<p>En t\u00e9rminos m\u00e1s llanos, en el a\u00f1o 2008 el porcentaje de pobres en Oaxaca era de 61.8%; en 2014 era de 66.8%; en 2016 aument\u00f3 a 70.4% y en 2018 baj\u00f3 a 66.4%. \u00bfAlgo qu\u00e9 celebrar?<\/p>\n","protected":false},"excerpt":{"rendered":"<p>Ismael Garc\u00eda M.\/Zona Roja. Oaxaca de Ju\u00e1rez, Oax., 11 de octubre de 2021.- \u00bfD\u00eda de&hellip;<\/p>\n","protected":false},"author":2,"featured_media":7610,"comment_status":"closed","ping_status":"open","sticky":false,"template":"","format":"standard","meta":{"_lmt_disableupdate":"","_lmt_disable":"","_jetpack_memberships_contains_paid_content":false,"footnotes":""},"categories":[456,109,48],"tags":[1353],"class_list":["post-33025","post","type-post","status-publish","format-standard","has-post-thumbnail","hentry","category-columna","category-minuto-a-minuto","category-zona-critica","tag-opinion-zona-critica"],"jetpack_featured_media_url":"https:\/\/zonaroja.com.mx\/wp-content\/uploads\/2020\/01\/Opini\u00f3n-Zona-Cr\u00edtica.jpg","jetpack_sharing_enabled":true,"_links":{"self":[{"href":"https:\/\/zonaroja.com.mx\/index.php?rest_route=\/wp\/v2\/posts\/33025","targetHints":{"allow":["GET"]}}],"collection":[{"href":"https:\/\/zonaroja.com.mx\/index.php?rest_route=\/wp\/v2\/posts"}],"about":[{"href":"https:\/\/zonaroja.com.mx\/index.php?rest_route=\/wp\/v2\/types\/post"}],"author":[{"embeddable":true,"href":"https:\/\/zonaroja.com.mx\/index.php?rest_route=\/wp\/v2\/users\/2"}],"replies":[{"embeddable":true,"href":"https:\/\/zonaroja.com.mx\/index.php?rest_route=%2Fwp%2Fv2%2Fcomments&post=33025"}],"version-history":[{"count":1,"href":"https:\/\/zonaroja.com.mx\/index.php?rest_route=\/wp\/v2\/posts\/33025\/revisions"}],"predecessor-version":[{"id":33026,"href":"https:\/\/zonaroja.com.mx\/index.php?rest_route=\/wp\/v2\/posts\/33025\/revisions\/33026"}],"wp:featuredmedia":[{"embeddable":true,"href":"https:\/\/zonaroja.com.mx\/index.php?rest_route=\/wp\/v2\/media\/7610"}],"wp:attachment":[{"href":"https:\/\/zonaroja.com.mx\/index.php?rest_route=%2Fwp%2Fv2%2Fmedia&parent=33025"}],"wp:term":[{"taxonomy":"category","embeddable":true,"href":"https:\/\/zonaroja.com.mx\/index.php?rest_route=%2Fwp%2Fv2%2Fcategories&post=33025"},{"taxonomy":"post_tag","embeddable":true,"href":"https:\/\/zonaroja.com.mx\/index.php?rest_route=%2Fwp%2Fv2%2Ftags&post=33025"}],"curies":[{"name":"wp","href":"https:\/\/api.w.org\/{rel}","templated":true}]}}