{"id":33031,"date":"2021-10-11T15:30:15","date_gmt":"2021-10-11T20:30:15","guid":{"rendered":"http:\/\/www.zonaroja.com.mx\/?p=33031"},"modified":"2021-10-11T15:31:13","modified_gmt":"2021-10-11T20:31:13","slug":"otro-feminicidio-en-menos-de-una-semana-en-oaxaca-ejecutan-tambien-a-individuo","status":"publish","type":"post","link":"https:\/\/zonaroja.com.mx\/?p=33031","title":{"rendered":"Otro feminicidio en menos de una semana en Oaxaca; ejecutan tambi\u00e9n a individuo"},"content":{"rendered":"\n<p>Ismael Garc\u00eda M.\/Zona Roja.<\/p>\n\n\n\n<p>Oaxaca de Ju\u00e1rez, Oax., 11 de octubre de 2021.- En menos de una semana, en Oaxaca se registr\u00f3 un tercer feminicidio. <\/p>\n\n\n\n<p>Fue en el destino tur\u00edstico de Puerto Escondido, agencia de San Pedro Mixtepec, en que localizaron el cuerpo de una mujer, sobre la calle G\u00f3mez Far\u00edas de la colonia Aeropuerto.<\/p>\n\n\n\n<p>La v\u00edctima de aproximadamente 28 a\u00f1os de edad vest\u00eda una blusa color rojo y short de mezclilla; tiene adem\u00e1s un tatuaje en el brazo izquierdo pero hasta el momento se encuentra en calidad de desconocida.<\/p>\n\n\n\n<p>Apenas el pasado jueves fueron asesinadas una madre y su beb\u00e9, en el municipio de Nazareno, del distrito de Etla, camino a la localidad de Alem\u00e1n, San Andr\u00e9s Zautla; por estos hechos hay una persona detenida, pareja de la occisa.<\/p>\n\n\n\n<p>CRIMEN EN OCOTL\u00c1N<\/p>\n\n\n\n<p>Por otra parte, en Ocotl\u00e1n de Morelos, municipio de la regi\u00f3n Valles Centrales de Oaxaca, fue ejecutado un individuo.<\/p>\n\n\n\n<p>Fue en el camino a la colonia El Mirador en que localizaron el cad\u00e1ver, con varios impactos de arma de fuego en el cuerpo y de manera preliminar fue identificada como Juan, alias \u201cEl Tasajo\u201d, y a quien le dejaron adem\u00e1s cartulinas con presuntos \u201cnarcomensajes\u201d.<\/p>\n\n\n\n<p>Hasta el momento, en ambos casos no hay personas detenidas.<\/p>\n","protected":false},"excerpt":{"rendered":"<p>Ismael Garc\u00eda M.\/Zona Roja. Oaxaca de Ju\u00e1rez, Oax., 11 de octubre de 2021.- En menos&hellip;<\/p>\n","protected":false},"author":2,"featured_media":33033,"comment_status":"closed","ping_status":"open","sticky":false,"template":"","format":"standard","meta":{"_lmt_disableupdate":"","_lmt_disable":"","_jetpack_memberships_contains_paid_content":false,"footnotes":""},"categories":[109,51],"tags":[610],"class_list":["post-33031","post","type-post","status-publish","format-standard","has-post-thumbnail","hentry","category-minuto-a-minuto","category-zona-roja","tag-feminicidios-oaxaca"],"jetpack_featured_media_url":"https:\/\/zonaroja.com.mx\/wp-content\/uploads\/2021\/10\/Feminicidio-Puerto-Escondido-Oaxaca.jpg","jetpack_sharing_enabled":true,"_links":{"self":[{"href":"https:\/\/zonaroja.com.mx\/index.php?rest_route=\/wp\/v2\/posts\/33031","targetHints":{"allow":["GET"]}}],"collection":[{"href":"https:\/\/zonaroja.com.mx\/index.php?rest_route=\/wp\/v2\/posts"}],"about":[{"href":"https:\/\/zonaroja.com.mx\/index.php?rest_route=\/wp\/v2\/types\/post"}],"author":[{"embeddable":true,"href":"https:\/\/zonaroja.com.mx\/index.php?rest_route=\/wp\/v2\/users\/2"}],"replies":[{"embeddable":true,"href":"https:\/\/zonaroja.com.mx\/index.php?rest_route=%2Fwp%2Fv2%2Fcomments&post=33031"}],"version-history":[{"count":2,"href":"https:\/\/zonaroja.com.mx\/index.php?rest_route=\/wp\/v2\/posts\/33031\/revisions"}],"predecessor-version":[{"id":33034,"href":"https:\/\/zonaroja.com.mx\/index.php?rest_route=\/wp\/v2\/posts\/33031\/revisions\/33034"}],"wp:featuredmedia":[{"embeddable":true,"href":"https:\/\/zonaroja.com.mx\/index.php?rest_route=\/wp\/v2\/media\/33033"}],"wp:attachment":[{"href":"https:\/\/zonaroja.com.mx\/index.php?rest_route=%2Fwp%2Fv2%2Fmedia&parent=33031"}],"wp:term":[{"taxonomy":"category","embeddable":true,"href":"https:\/\/zonaroja.com.mx\/index.php?rest_route=%2Fwp%2Fv2%2Fcategories&post=33031"},{"taxonomy":"post_tag","embeddable":true,"href":"https:\/\/zonaroja.com.mx\/index.php?rest_route=%2Fwp%2Fv2%2Ftags&post=33031"}],"curies":[{"name":"wp","href":"https:\/\/api.w.org\/{rel}","templated":true}]}}