{"id":33035,"date":"2021-10-11T16:18:36","date_gmt":"2021-10-11T21:18:36","guid":{"rendered":"http:\/\/www.zonaroja.com.mx\/?p=33035"},"modified":"2021-10-11T18:21:49","modified_gmt":"2021-10-11T23:21:49","slug":"echan-a-andar-patrulla-feminista-exhiben-a-priistas-del-pvem-y-morena-como-deudores","status":"publish","type":"post","link":"https:\/\/zonaroja.com.mx\/?p=33035","title":{"rendered":"Echan a andar \u201cPatrulla feminista\u201d exhiben a priistas, del PVEM y Morena como deudores"},"content":{"rendered":"\n<p>Evlin Arag\u00f3n\/Zona Roja.<\/p>\n\n\n\n<p>Oaxaca de Ju\u00e1rez, Oax., 11 de octubre de 2021.- &nbsp;Activistas feministas colocaron por cuarta ocasi\u00f3n el \u201ctendedero\u201d de deudores alimentarios, en esta ocasi\u00f3n en la agencia municipal de Santa Rosa Panzacola, perteneciente a la capital de Oaxaca, desde donde tambi\u00e9n parti\u00f3 la \u201cPatrulla feminista\u201d que llevar\u00e1 la denuncia itinerante a los lugares de trabajo de los hombres se\u00f1alados como padres irresponsables.&nbsp;<\/p>\n\n\n\n<p>En el marco del D\u00eda Internacional de la Ni\u00f1a, las activistas reprocharon la violencia que ejercen los padres, a quienes llamaron delincuentes, que se han mantenido ausentes no solo de manutenci\u00f3n de sus hijas, sino tambi\u00e9n del cuidado, protecci\u00f3n y amor que merecen cada una de ellas.&nbsp;<\/p>\n\n\n\n<p>Dicha premisa, aseguran, le debe quedar muy clara a la sociedad para que no sea c\u00f3mplice de dicha violencia, toda vez que la mayor\u00eda de las veces se mantiene omisa y protege a los varones, mientras que se\u00f1ala a las madres solteras que denuncian y que hacen hasta lo imposible por sacar a su familia adelante.<\/p>\n\n\n\n<p>En ese contexto, exhibieron a Mart\u00edn Rosa, ex candidato a edil de Santa Cruz Xoxocotl\u00e1n; a Elpidio Altamirano L\u00f3pez, de la dirigencia del Partido Verde Ecologista de M\u00e9xico, y a Alberto L\u00f3pez Parrazales, de Morena, por incuplidores.<\/p>\n\n\n\n<p>\u201cLas mujeres estamos cansadas de una vida llena de calvario en la que nos hemos visto solas en situaciones tan complicadas, situaciones en la que el mismo Estado nos ha abandonado y la sociedad nos se\u00f1ala a nosotras en lugar de obligar a los padres irresponsables a cumplir con sus obligaciones\u201d, indic\u00f3 una de las activistas.&nbsp;<\/p>\n\n\n\n<p>Diana Luz V\u00e1squez asegur\u00f3 que en M\u00e9xico 35 millones de mujeres que son madres independientes, quienes sostienen a sus familias y en quienes recae la ardua labor de cuidado, el cual no es remunerado, de ah\u00ed que mantiene su lucha para la aprobaci\u00f3n de la \u201cLey Sabina\u201d que busca que la justicia llegue a las infancias.<\/p>\n\n\n\n<p>De acuerdo con la abogada y activista insistir\u00e1n ante el Congreso Federal y el Senado a fin de que hagan propio el tema y puedan legislar al respecto, toda vez que incluso se requieren de reformas al Poder Judicial para que se sanciones a quienes incumplen con su obligaci\u00f3n.<\/p>\n\n\n\n<figure class=\"wp-block-embed is-type-rich is-provider-twitter wp-block-embed-twitter\"><div class=\"wp-block-embed__wrapper\">\n<div class=\"twitter-tweet\"><blockquote class=\"twitter-tweet\" data-lang=\"es\"><p lang=\"es\" dir=\"ltr\"><a href=\"https:\/\/twitter.com\/hashtag\/ENVIVO?src=hash&amp;ref_src=twsrc%5Etfw\">#ENVIVO<\/a><br>Oaxaca de Ju\u00e1rez, Oax., 11 de octubre de 2021.- Colectivos feministas colocan cuarto \u201ctendedero\u201d de denuncias y pone en marcha la \u201cPatrulla feminista\u201d.<br><br>Siga aqu\u00ed la transmisi\u00f3n:<br>\ud83d\udc47<a href=\"https:\/\/t.co\/neyxkpk4nw\">https:\/\/t.co\/neyxkpk4nw<\/a><\/p>&mdash; Zona Roja Oaxaca (@Zona_Roja_Oax) <a href=\"https:\/\/twitter.com\/Zona_Roja_Oax\/status\/1447595561293533190?ref_src=twsrc%5Etfw\">11 de octubre de 2021<\/a><\/blockquote><\/div>\n<\/div><\/figure>\n\n\n\n<p>SON DELINCUENTES<\/p>\n\n\n\n<p>\u201cEstos se\u00f1ores, los se\u00f1ores padres tienen el privilegio de ausentarse, de negar su paternidad y evadir la justicia como delincuentes. Venimos a este lugar a nombrar a un deudo alimentario, venimos a recordarle que las infancias se alimentan todos los d\u00edas y que, si no hay justicia, aqu\u00ed seguiremos estando\u201d, dijo.&nbsp;<\/p>\n\n\n\n<p>Y es que, como parte de la primera parada de la \u201cPatrulla feminista\u201d, la activista hizo p\u00fablica su denuncia personal en contra de Mart\u00edn Rosado Ch\u00e1vez a quien se\u00f1al\u00f3 como deudor alimentario, ya que desde hace cuatro a\u00f1os se desentendi\u00f3 de su hija; de ah\u00ed que instalaron el tendedero a las afueras de su domicilio. <\/p>\n\n\n\n<p><div class=\"twitter-tweet\"><blockquote class=\"twitter-tweet\" data-lang=\"es\"><p lang=\"es\" dir=\"ltr\">2. Pol\u00edticos de varios partidos, entre los deudores alimentarios exhibidos hoy en Santa Rosa Panzacola. <br>Como <a href=\"https:\/\/twitter.com\/ElpidioJeal?ref_src=twsrc%5Etfw\">@ElpidioJeal<\/a>, del PVEM; Israel Gallegos, del PUP; Alberto L\u00f3pez Parrazales, de Morena, adem\u00e1s del pri\u00edsta Mart\u00edn Rosado. <a href=\"https:\/\/t.co\/Z3vNPiE1DM\">pic.twitter.com\/Z3vNPiE1DM<\/a><\/p>&mdash; Zona Roja Oaxaca (@Zona_Roja_Oax) <a href=\"https:\/\/twitter.com\/Zona_Roja_Oax\/status\/1447702983165104130?ref_src=twsrc%5Etfw\">11 de octubre de 2021<\/a><\/blockquote><\/div><\/p>\n\n\n\n<p>Tambi\u00e9n inform\u00f3 que de las 350 denuncias que han recibido, pocos deudores se han puesto en contacto con las madres de sus hijas e hijos para llegar a acuerdos y pueda ser retirada su foto del tendedero f\u00edsico y virtual que se mantiene en la p\u00e1gina de Facebook Deudores Alimentario Oaxaca.&nbsp;<\/p>\n\n\n\n<p>Como parte de las acciones a realizar anunci\u00f3 una toma simb\u00f3lica de los Juzgados Familiares y una quema de sentencias toda vez que es el Tribunal de Justicia el que, hoy en d\u00eda se sigue burlando de las mujeres, prueba de ello un juicio de reconocimiento de paternidad que ha durado m\u00e1s de 20 a\u00f1os.&nbsp;<\/p>\n\n\n\n<p>Cabe se\u00f1alar que, posterior a asistir al domicilio del ex candidato a la presidencia municipal de Xoxocotl\u00e1n y militante priista, la patrulla feminista se traslad\u00f3 a otros lugares para evidenciar a m\u00e1s deudores alimentarios, acci\u00f3n que estar\u00e1n realizaron en los siguientes d\u00edas.&nbsp;<\/p>\n\n\n\n<p>Entre ellos una oficina de abogados, en la calle Z\u00e1rate, entre Pino Su\u00e1rez y Los Libres, del centro de la ciudad de Oaxaca, donde exhibieron a Samuel Reyes Merino, quien abandon\u00f3 a dos menores, entre ellas una con s\u00edndrome de Down.<\/p>\n","protected":false},"excerpt":{"rendered":"<p>Evlin Arag\u00f3n\/Zona Roja. Oaxaca de Ju\u00e1rez, Oax., 11 de octubre de 2021.- &nbsp;Activistas feministas colocaron&hellip;<\/p>\n","protected":false},"author":2,"featured_media":33036,"comment_status":"closed","ping_status":"open","sticky":false,"template":"","format":"standard","meta":{"_lmt_disableupdate":"","_lmt_disable":"","_jetpack_memberships_contains_paid_content":false,"footnotes":""},"categories":[109,47],"tags":[2800],"class_list":["post-33035","post","type-post","status-publish","format-standard","has-post-thumbnail","hentry","category-minuto-a-minuto","category-zona-gris","tag-deudores-alimentarios-oaxaca"],"jetpack_featured_media_url":"https:\/\/zonaroja.com.mx\/wp-content\/uploads\/2021\/10\/Tendedero-feminista-Oaxaca.jpg","jetpack_sharing_enabled":true,"_links":{"self":[{"href":"https:\/\/zonaroja.com.mx\/index.php?rest_route=\/wp\/v2\/posts\/33035","targetHints":{"allow":["GET"]}}],"collection":[{"href":"https:\/\/zonaroja.com.mx\/index.php?rest_route=\/wp\/v2\/posts"}],"about":[{"href":"https:\/\/zonaroja.com.mx\/index.php?rest_route=\/wp\/v2\/types\/post"}],"author":[{"embeddable":true,"href":"https:\/\/zonaroja.com.mx\/index.php?rest_route=\/wp\/v2\/users\/2"}],"replies":[{"embeddable":true,"href":"https:\/\/zonaroja.com.mx\/index.php?rest_route=%2Fwp%2Fv2%2Fcomments&post=33035"}],"version-history":[{"count":3,"href":"https:\/\/zonaroja.com.mx\/index.php?rest_route=\/wp\/v2\/posts\/33035\/revisions"}],"predecessor-version":[{"id":33044,"href":"https:\/\/zonaroja.com.mx\/index.php?rest_route=\/wp\/v2\/posts\/33035\/revisions\/33044"}],"wp:featuredmedia":[{"embeddable":true,"href":"https:\/\/zonaroja.com.mx\/index.php?rest_route=\/wp\/v2\/media\/33036"}],"wp:attachment":[{"href":"https:\/\/zonaroja.com.mx\/index.php?rest_route=%2Fwp%2Fv2%2Fmedia&parent=33035"}],"wp:term":[{"taxonomy":"category","embeddable":true,"href":"https:\/\/zonaroja.com.mx\/index.php?rest_route=%2Fwp%2Fv2%2Fcategories&post=33035"},{"taxonomy":"post_tag","embeddable":true,"href":"https:\/\/zonaroja.com.mx\/index.php?rest_route=%2Fwp%2Fv2%2Ftags&post=33035"}],"curies":[{"name":"wp","href":"https:\/\/api.w.org\/{rel}","templated":true}]}}