{"id":33038,"date":"2021-10-11T16:36:41","date_gmt":"2021-10-11T21:36:41","guid":{"rendered":"http:\/\/www.zonaroja.com.mx\/?p=33038"},"modified":"2021-10-11T16:37:00","modified_gmt":"2021-10-11T21:37:00","slug":"piden-comite-en-defensa-de-chimalapas-sentencia-de-scjn-a-favor-en-pugna-territorial","status":"publish","type":"post","link":"https:\/\/zonaroja.com.mx\/?p=33038","title":{"rendered":"Pide Comit\u00e9 en Defensa de Chimalapas sentencia de SCJN a favor, en pugna territorial"},"content":{"rendered":"\n<p>Evlin Arag\u00f3n\/Zona Roja.<\/p>\n\n\n\n<p>Oaxaca de Ju\u00e1rez, Oax., 11 de octubre de 2021.- Integrantes del Comit\u00e9 Nacional para la Defensa y Conservaci\u00f3n de Los Chimalapas hicieron un llamado a las y los ministros de la Suprema Corte de Justicia de la Naci\u00f3n (SCJN) para que emitan una sentencia final a favor de la comunidad oaxaque\u00f1a, en el marco de la Controversia Constitucional 121\/2012 presentada por la invasi\u00f3n de habitantes chiapanecos en su territorio&nbsp;<\/p>\n\n\n\n<p>Mediante un comunicado de prensa, firmado por los coordinadores Luis Bustamante Valencia y Miguel \u00c1ngel Garc\u00eda, solicitaron una resoluci\u00f3n con apego a los hechos hist\u00f3ricos, los instrumentos internacionales y la conciencia ecol\u00f3gica, tomando en cuenta que el territorio comunal de Los Chimalapas constituye la zona de mayor producci\u00f3n de servicios ecosist\u00e9micos de M\u00e9xico.&nbsp;<\/p>\n\n\n\n<p>Lo anterior luego de enterarse que, tras un largo proceso de m\u00e1s de nueve a\u00f1os, existe ya una propuesta de sentencia final, relativa al juicio de Controversia Constitucional misma que ha sido sometida para su discusi\u00f3n y votaci\u00f3n, ante el pleno de esa m\u00e1xima instancia judicial de nuestro pa\u00eds.<\/p>\n\n\n\n<p>Como lo han hecho en la \u00faltima d\u00e9cada, denunciaron que el conflicto interestatal Oaxaca-Chiapas ha sido utilizado por los gobiernos sucesivos de esta \u00faltima entidad para, de facto, alegar que la superficie en diferendo es propiedad del estado chiapaneco, amparando a los intereses de empresas madereras, contrabandistas, ganaderos y rancheros que han devastado m\u00e1s de 50 mil hect\u00e1reas de selva y bosque.<\/p>\n\n\n\n<p>\u201cReiteramos nuestra denuncia y profunda indignaci\u00f3n y preocupaci\u00f3n, por haber constatado todos estos 30 a\u00f1os, c\u00f3mo a pesar de haberse confirmado jur\u00eddicamente la propiedad comunal de San Miguel y Santa Mar\u00eda Chimalapas\u2026 el dolosamente creado conflicto interestatal Oaxaca-Chiapas ha sido utilizado por los gobiernos sucesivos de esta \u00faltima entidad para, de facto, alegar que la superficie en diferendo es propiedad de \u00e9sta\u201d, refiere el documento.&nbsp;<\/p>\n\n\n\n<p>Recordaron que dicha Controversia Constitucional, admitida el 20 de diciembre de 2012, fue presentada por el gobierno oaxaque\u00f1o de Gabino Cu\u00e9, gracias a la pac\u00edfica y constante presi\u00f3n ejercida por las comunidades chimalapas, teniendo como pretexto jur\u00eddicamente v\u00e1lido, la creaci\u00f3n del municipio chiapaneco \u201cBelisario Dom\u00ednguez\u201d en noviembre del 2011, dentro del territorio comunal y municipal de Santa Mar\u00eda y San Miguel Chimalapa.<\/p>\n\n\n\n<p>Explicaron que, quienes integran el Comit\u00e9 Nacional para la Defensa y Conservaci\u00f3n de Los Chimalapas no est\u00e1n a favor de Oaxaca ni en contra de Chiapas, por el contrario, reconocen las acciones que promueven y desarrollan las comunidades ind\u00edgenas de San Miguel y Santa Mar\u00eda para la defensa de su territorio ind\u00edgena ancestral y para la conservaci\u00f3n y no privatizaci\u00f3n de sus invaluables bienes naturales.<\/p>\n\n\n\n<p>Actualmente, dicho comit\u00e9 constituido como una red plural de la sociedad civil desde el 31 de octubre de 1991, est\u00e1 integrado por m\u00e1s de un centenar de organizaciones y movimientos sociales; organizaciones no gubernamentales y colectivos; as\u00ed como integrantes de la comunidad acad\u00e9mica, art\u00edstica y de la ciudadan\u00eda en general.&nbsp;<\/p>\n","protected":false},"excerpt":{"rendered":"<p>Evlin Arag\u00f3n\/Zona Roja. Oaxaca de Ju\u00e1rez, Oax., 11 de octubre de 2021.- Integrantes del Comit\u00e9&hellip;<\/p>\n","protected":false},"author":2,"featured_media":33039,"comment_status":"closed","ping_status":"open","sticky":false,"template":"","format":"standard","meta":{"_lmt_disableupdate":"","_lmt_disable":"","_jetpack_memberships_contains_paid_content":false,"footnotes":""},"categories":[109,47],"tags":[],"class_list":["post-33038","post","type-post","status-publish","format-standard","has-post-thumbnail","hentry","category-minuto-a-minuto","category-zona-gris"],"jetpack_featured_media_url":"https:\/\/zonaroja.com.mx\/wp-content\/uploads\/2021\/10\/Chimalapas-defensa-Oaxaca.jpg","jetpack_sharing_enabled":true,"_links":{"self":[{"href":"https:\/\/zonaroja.com.mx\/index.php?rest_route=\/wp\/v2\/posts\/33038","targetHints":{"allow":["GET"]}}],"collection":[{"href":"https:\/\/zonaroja.com.mx\/index.php?rest_route=\/wp\/v2\/posts"}],"about":[{"href":"https:\/\/zonaroja.com.mx\/index.php?rest_route=\/wp\/v2\/types\/post"}],"author":[{"embeddable":true,"href":"https:\/\/zonaroja.com.mx\/index.php?rest_route=\/wp\/v2\/users\/2"}],"replies":[{"embeddable":true,"href":"https:\/\/zonaroja.com.mx\/index.php?rest_route=%2Fwp%2Fv2%2Fcomments&post=33038"}],"version-history":[{"count":2,"href":"https:\/\/zonaroja.com.mx\/index.php?rest_route=\/wp\/v2\/posts\/33038\/revisions"}],"predecessor-version":[{"id":33041,"href":"https:\/\/zonaroja.com.mx\/index.php?rest_route=\/wp\/v2\/posts\/33038\/revisions\/33041"}],"wp:featuredmedia":[{"embeddable":true,"href":"https:\/\/zonaroja.com.mx\/index.php?rest_route=\/wp\/v2\/media\/33039"}],"wp:attachment":[{"href":"https:\/\/zonaroja.com.mx\/index.php?rest_route=%2Fwp%2Fv2%2Fmedia&parent=33038"}],"wp:term":[{"taxonomy":"category","embeddable":true,"href":"https:\/\/zonaroja.com.mx\/index.php?rest_route=%2Fwp%2Fv2%2Fcategories&post=33038"},{"taxonomy":"post_tag","embeddable":true,"href":"https:\/\/zonaroja.com.mx\/index.php?rest_route=%2Fwp%2Fv2%2Ftags&post=33038"}],"curies":[{"name":"wp","href":"https:\/\/api.w.org\/{rel}","templated":true}]}}