{"id":33049,"date":"2021-10-11T19:45:48","date_gmt":"2021-10-12T00:45:48","guid":{"rendered":"http:\/\/www.zonaroja.com.mx\/?p=33049"},"modified":"2021-10-11T20:01:07","modified_gmt":"2021-10-12T01:01:07","slug":"no-paran-las-protestas-y-bloqueos-en-oaxaca-y-la-segego","status":"publish","type":"post","link":"https:\/\/zonaroja.com.mx\/?p=33049","title":{"rendered":"No paran las protestas y bloqueos en Oaxaca; \u00bfy la Segego?"},"content":{"rendered":"\n<p>Evlin Arag\u00f3n\/Zona Roja.<\/p>\n\n\n\n<p>Oaxaca de Ju\u00e1rez, Oax., 11 de octubre de 2021.- Por en\u00e9sima ocasi\u00f3n, este lunes el estado de Oaxaca registr\u00f3 un sinf\u00edn de protestas, con lo que se evidencia lo rebasadas que est\u00e1n las autoridades municipales y estatales, en la atenci\u00f3n a las necesidades y demandas por parte de diferentes comunidades ind\u00edgenas, grupos sociales y sindicales.<\/p>\n\n\n\n<p>De primera cuenta, integrantes del Frente Estudiantil Popular protestaron a las afueras del Palacio Municipal para denunciar diversas irregularidades y una enorme inoperancia de la administraci\u00f3n encabezada por Oswaldo Garc\u00eda Jarqu\u00edn, ya que al interior de la ciudad aumenta la violencia y las condiciones de las calles son las peores en la historia&nbsp;&nbsp;<\/p>\n\n\n\n<p>\u201cEl pueblo de Oaxaca exige la destituci\u00f3n del peor presidente que ha tenido la ciudad Oswaldo Garc\u00eda Jarqu\u00edn, quien minti\u00f3, rob\u00f3 y traicion\u00f3 a todos los oaxaque\u00f1os. No a la impunidad\u201d, refer\u00eda la enorme manta con la que cerraron los accesos al edificio hist\u00f3rico.&nbsp;<\/p>\n\n\n\n<p>En este mismo sitio e independientemente de la destituci\u00f3n, exigieron auditor\u00eda para el edil ya que aseguran no se ve la inversi\u00f3n de los mil 500 millones que recibe de manera anual la capital oaxaque\u00f1a, por el contrario, las problem\u00e1ticas se agudizan con el paso del tiempo y la vidente desaparici\u00f3n del funcionario.\u00a0\u00a0<\/p>\n\n\n\n<figure class=\"wp-block-embed-twitter wp-block-embed is-type-rich is-provider-twitter\"><div class=\"wp-block-embed__wrapper\">\n<div class=\"twitter-tweet\"><blockquote class=\"twitter-tweet\" data-lang=\"es\"><p lang=\"es\" dir=\"ltr\"><a href=\"https:\/\/twitter.com\/hashtag\/ENVIVO?src=hash&amp;ref_src=twsrc%5Etfw\">#ENVIVO<\/a> <br>Oaxaca de Ju\u00e1rez, Oax., 11 de octubre de 2021.- Ahora el Frente Estudiantil Popular protesta contra el edil Oswaldo Garc\u00eda Jarqu\u00edn, para denunciar diversas irregularidades. <br><br>Siga la transmisi\u00f3n:<br>\ud83d\udc47<a href=\"https:\/\/t.co\/LjopA0LV8Y\">https:\/\/t.co\/LjopA0LV8Y<\/a><\/p>&mdash; Zona Roja Oaxaca (@Zona_Roja_Oax) <a href=\"https:\/\/twitter.com\/Zona_Roja_Oax\/status\/1447620063637299200?ref_src=twsrc%5Etfw\">11 de octubre de 2021<\/a><\/blockquote><\/div>\n<\/div><\/figure>\n\n\n\n<p>UNIVERSITARIOS<\/p>\n\n\n\n<p>En otro punto de la ciudad y aunque no realizaron ninguna movilizaci\u00f3n, integrantes del Sindicato de Empleados de Confianza de la Universidad Aut\u00f3noma \u201cBenito Ju\u00e1rez\u201d de Oaxaca (SECUABO) mantuvieron por cuarto d\u00eda consecutivos alrededor de una veintena de unidades de motor del transporte p\u00fablico para demandar el pago inmediato del complemento de su salario, el cual se les adeuda desde el a\u00f1o pasado.<\/p>\n\n\n\n<p>En conferencia de prensa, indicaron que el recurso que les adeudan asciende a unos cuatro millones de pesos y corresponde a un programa que ya trabajaron y que debi\u00f3 de haber sido pagado desde noviembre de 2020 y mayo de 2021, por lo que se mantiene a la espera del llamado de la Secretar\u00eda General de Gobierno (Segego), para logar la soluci\u00f3n a sus demandas.&nbsp;<\/p>\n\n\n\n<p>Mientras que, integrantes del Sindicato de Trabajadores y Empleados de la Universidad Aut\u00f3noma \u201cBenito Ju\u00e1rez\u201d de Oaxaca se apersonaron en la Junta de Conciliaci\u00f3n y Arbitraje para ratificar y hacer valer su representaci\u00f3n sindical, misma que se puso en duda la semana pasada.&nbsp;<\/p>\n\n\n\n<p>Ah\u00ed el dirigente, Ariel Luj\u00e1n P\u00e9rez, asegur\u00f3 que no ha renunciado a su cargo y que no fue legal la asamblea que se llev\u00f3 a cabo el pasado 7 de octubre para destituirlo, por lo que asegur\u00f3 mantiene la representatividad de la gremial con mayor n\u00famero de afiliados al interior de la UABJO.<\/p>\n\n\n\n<figure class=\"wp-block-embed-twitter wp-block-embed is-type-rich is-provider-twitter\"><div class=\"wp-block-embed__wrapper\">\n<div class=\"twitter-tweet\"><blockquote class=\"twitter-tweet\" data-lang=\"es\"><p lang=\"es\" dir=\"ltr\"><a href=\"https:\/\/twitter.com\/hashtag\/%C3%9AltimoMinuto?src=hash&amp;ref_src=twsrc%5Etfw\">#\u00daltimoMinuto<\/a> <br>Resurgen tambi\u00e9n este lunes las protestas de trabajadores del sector salud, debido a que los <a href=\"https:\/\/twitter.com\/SSO_GobOax?ref_src=twsrc%5Etfw\">@SSO_GobOax<\/a> se niegan a recontratarlos. Bloquean en Perif\u00e9rico y la calle Miguel Cabrera de la capital. <a href=\"https:\/\/t.co\/WBr5MLVY0q\">pic.twitter.com\/WBr5MLVY0q<\/a><\/p>&mdash; Zona Roja Oaxaca (@Zona_Roja_Oax) <a href=\"https:\/\/twitter.com\/Zona_Roja_Oax\/status\/1447644778150125571?ref_src=twsrc%5Etfw\">11 de octubre de 2021<\/a><\/blockquote><\/div>\n<\/div><\/figure>\n\n\n\n<p>TAMBI\u00c9N SALUD<\/p>\n\n\n\n<p>Por su parte, personal adscrito a las Caravanas de la Salud se manifestaron en inmediaciones de las calles Nu\u00f1o del Mercado, Miguel Cabrera y Perif\u00e9rico para exigir el pago de vi\u00e1ticos, dotaci\u00f3n de medicamentos e insumos, as\u00ed como la reparaci\u00f3n de las unidades en las que se trasladan.<\/p>\n\n\n\n<p>La protesta, que extendieron hasta el Parque del Amor, incluy\u00f3 la demanda de certeza laboral para quienes llevan la salud a comunidades de muy alta marginaci\u00f3n, as\u00ed como un alto al desvi\u00f3 de recursos asignados al Programa Fortalecimiento a la Atenci\u00f3n M\u00e9dica (PFAM).<\/p>\n\n\n\n<p>Previamente, otro de grupo de extrabajadores de los Servicios de Salud de Oaxaca (SSO) se instal\u00f3 bajo el \u00e1rbol de laurel en el z\u00f3calo donde ofrecieron consultas de manera gratuita como parte de sus acciones de protesta para ser atendidos y reinstalados en sus puestos, de los que fueron removidos el pasado 15 de septiembre.<\/p>\n\n\n\n<p>Por si fuera poco, comerciantes de la Central de Abasto, adscritos a diversos gremios, protagonizaron una ri\u00f1a por la designaci\u00f3n de los espacios para las pr\u00f3ximas ventas por la temporada de D\u00eda de Muertos.\u00a0<\/p>\n\n\n\n<figure class=\"wp-block-embed-twitter wp-block-embed is-type-rich is-provider-twitter\"><div class=\"wp-block-embed__wrapper\">\n<div class=\"twitter-tweet\"><blockquote class=\"twitter-tweet\" data-lang=\"es\"><p lang=\"es\" dir=\"ltr\"><a href=\"https:\/\/twitter.com\/hashtag\/%C3%9AltimoMinuto?src=hash&amp;ref_src=twsrc%5Etfw\">#\u00daltimoMinuto<\/a> <br>\u00bfY el edil <a href=\"https:\/\/twitter.com\/oswaldogarciaj?ref_src=twsrc%5Etfw\">@oswaldogarciaj<\/a>? \u00bfY el <a href=\"https:\/\/twitter.com\/MunicipioSeguro?ref_src=twsrc%5Etfw\">@MunicipioSeguro<\/a>?<br>Se desata ri\u00f1a en la Central de Abasto de la ciudad de <a href=\"https:\/\/twitter.com\/hashtag\/Oaxaca?src=hash&amp;ref_src=twsrc%5Etfw\">#Oaxaca<\/a>.<br>Reportan varias personas lesionadas. <a href=\"https:\/\/t.co\/o9jupo6PjS\">pic.twitter.com\/o9jupo6PjS<\/a><\/p>&mdash; Zona Roja Oaxaca (@Zona_Roja_Oax) <a href=\"https:\/\/twitter.com\/Zona_Roja_Oax\/status\/1447637090271907846?ref_src=twsrc%5Etfw\">11 de octubre de 2021<\/a><\/blockquote><\/div>\n<\/div><\/figure>\n\n\n\n<p>VALLES E ISTMO<\/p>\n\n\n\n<p>En tanto que desde temprana hora en la Villa de Zaachila, vecinos de la calle Cosijoeza cerraron las vialidades y quemaron llantas para impedir el paso de los autobuses Zaachila Yoo que fueron reubicados al centro de la poblaci\u00f3n, sin embargo, los inconformes aseguran que son un peligro para los peatones y automovilistas.&nbsp;<\/p>\n\n\n\n<p>As\u00ed mismo comunidades que integran el Frente No a la Miner\u00eda por un Futuro de Todxs instalaron un bloqueo en la carretera Oaxaca-Puerto \u00c1ngel, a la altura de Magdalena Ocotl\u00e1n, para solicitar la cancelaci\u00f3n del proyecto minero \u201cSan Jos\u00e9\u201d operado por la minera Cuzcatl\u00e1n e impedir un nuevo permiso ambiental.&nbsp;<\/p>\n\n\n\n<p>\u201cTerritorio prohibido para la miner\u00eda, por acuerdo de asamblea\u201d, S\u00ed a la vida, no a la miner\u00eda. Ni oro, ni plata, la miner\u00eda mata\u201d, fueron parte de las consignas en las que adem\u00e1s incluyeron la garant\u00eda y el respeto de los derechos de los pueblos ind\u00edgenas<\/p>\n\n\n\n<p>Mientras que, en la caseta de cobro de Ciudad Ixtepec y varios puntos m\u00e1s del Istmo, entre ellos Tehuantepec y Juchit\u00e1n, se report\u00f3 la concentraci\u00f3n de un grupo de militantes de la Coalici\u00f3n Obrera, Campesina, Estudiantil del Istmo (COCEI), quienes posteriormente bloquearon por un par de horas la supercarretera Tehuantepec-La Ventosa.&nbsp;<\/p>\n\n\n\n<p>En todos los casos, no hubo informaci\u00f3n de la Secretar\u00eda General de Gobierno (Segego) acerca de la atenci\u00f3n que brinda a los inconformes.<\/p>\n\n\n\n<figure class=\"wp-block-embed-twitter wp-block-embed is-type-rich is-provider-twitter\"><div class=\"wp-block-embed__wrapper\">\n<div class=\"twitter-tweet\"><blockquote class=\"twitter-tweet\" data-lang=\"es\"><p lang=\"es\" dir=\"ltr\"><a href=\"https:\/\/twitter.com\/hashtag\/%C3%9AltimoMinuto?src=hash&amp;ref_src=twsrc%5Etfw\">#\u00daltimoMinuto<\/a> <br>Pueblos que se oponen a las mineras, cierran la carretera federal 175, Oaxaca-Puerto \u00c1ngel, en inmediaciones de la localidad de Magdalena, Ocotl\u00e1n, <a href=\"https:\/\/t.co\/VKTo4y418f\">pic.twitter.com\/VKTo4y418f<\/a><\/p>&mdash; Zona Roja Oaxaca (@Zona_Roja_Oax) <a href=\"https:\/\/twitter.com\/Zona_Roja_Oax\/status\/1447570644124712963?ref_src=twsrc%5Etfw\">11 de octubre de 2021<\/a><\/blockquote><\/div>\n<\/div><\/figure>\n","protected":false},"excerpt":{"rendered":"<p>Evlin Arag\u00f3n\/Zona Roja. Oaxaca de Ju\u00e1rez, Oax., 11 de octubre de 2021.- Por en\u00e9sima ocasi\u00f3n,&hellip;<\/p>\n","protected":false},"author":2,"featured_media":33050,"comment_status":"closed","ping_status":"open","sticky":false,"template":"","format":"standard","meta":{"_lmt_disableupdate":"","_lmt_disable":"","_jetpack_memberships_contains_paid_content":false,"footnotes":""},"categories":[109,47],"tags":[2264],"class_list":["post-33049","post","type-post","status-publish","format-standard","has-post-thumbnail","hentry","category-minuto-a-minuto","category-zona-gris","tag-bloqueos-y-protestas-oaxaca"],"jetpack_featured_media_url":"https:\/\/zonaroja.com.mx\/wp-content\/uploads\/2021\/10\/Protesta-contra-edil-Oaxaca-de-Juarez.jpg","jetpack_sharing_enabled":true,"_links":{"self":[{"href":"https:\/\/zonaroja.com.mx\/index.php?rest_route=\/wp\/v2\/posts\/33049","targetHints":{"allow":["GET"]}}],"collection":[{"href":"https:\/\/zonaroja.com.mx\/index.php?rest_route=\/wp\/v2\/posts"}],"about":[{"href":"https:\/\/zonaroja.com.mx\/index.php?rest_route=\/wp\/v2\/types\/post"}],"author":[{"embeddable":true,"href":"https:\/\/zonaroja.com.mx\/index.php?rest_route=\/wp\/v2\/users\/2"}],"replies":[{"embeddable":true,"href":"https:\/\/zonaroja.com.mx\/index.php?rest_route=%2Fwp%2Fv2%2Fcomments&post=33049"}],"version-history":[{"count":2,"href":"https:\/\/zonaroja.com.mx\/index.php?rest_route=\/wp\/v2\/posts\/33049\/revisions"}],"predecessor-version":[{"id":33053,"href":"https:\/\/zonaroja.com.mx\/index.php?rest_route=\/wp\/v2\/posts\/33049\/revisions\/33053"}],"wp:featuredmedia":[{"embeddable":true,"href":"https:\/\/zonaroja.com.mx\/index.php?rest_route=\/wp\/v2\/media\/33050"}],"wp:attachment":[{"href":"https:\/\/zonaroja.com.mx\/index.php?rest_route=%2Fwp%2Fv2%2Fmedia&parent=33049"}],"wp:term":[{"taxonomy":"category","embeddable":true,"href":"https:\/\/zonaroja.com.mx\/index.php?rest_route=%2Fwp%2Fv2%2Fcategories&post=33049"},{"taxonomy":"post_tag","embeddable":true,"href":"https:\/\/zonaroja.com.mx\/index.php?rest_route=%2Fwp%2Fv2%2Ftags&post=33049"}],"curies":[{"name":"wp","href":"https:\/\/api.w.org\/{rel}","templated":true}]}}