{"id":33057,"date":"2021-10-11T21:26:22","date_gmt":"2021-10-12T02:26:22","guid":{"rendered":"http:\/\/www.zonaroja.com.mx\/?p=33057"},"modified":"2021-10-11T21:26:26","modified_gmt":"2021-10-12T02:26:26","slug":"reconoce-fiscalia-rescate-de-menores-plagiados-pero-oculta-cuantos-fueron","status":"publish","type":"post","link":"https:\/\/zonaroja.com.mx\/?p=33057","title":{"rendered":"Reconoce Fiscal\u00eda rescate de menores plagiados, pero oculta cu\u00e1ntos fueron"},"content":{"rendered":"\n<p>Redacci\u00f3n\/Zona Roja. Foto: Cortes\u00eda<\/p>\n\n\n\n<p>Oaxaca de Ju\u00e1rez, Oax. 11 de octubre de 2021.- Cuarenta y ocho horas despu\u00e9s de los hechos, la Fiscal\u00eda General del Estado de Oaxaca (FGEO) emiti\u00f3 un comunicado en que reconoci\u00f3 que s\u00ed hubo el rescate de menores en Santa Luc\u00eda del Camino, pero ocult\u00f3 cuantos fueron.<\/p>\n\n\n\n<p>En un comunicado, indic\u00f3 que se localiz\u00f3 a un grupo de menores de edad, quienes fueron reportados como no localizados el pasado s\u00e1bado 9 de octubre de 2021, \u201cmismos que fueron restituidos con sus familias esa misma noche, gracias al trabajo conjunto realizado entre la instituci\u00f3n de procuraci\u00f3n de justicia y familiares\u201d.<\/p>\n\n\n\n<p>Indic\u00f3 que luego de recibir la denuncia de no localizaci\u00f3n de las personas -cuyas edades oscilan entre los 11 y los 14 a\u00f1os-, a trav\u00e9s de la Vicefiscal\u00eda General de Atenci\u00f3n a V\u00edctimas y a la Sociedad, \u201cintervino desde el primer momento en coordinaci\u00f3n con las familias de las personas no localizadas para realizar labores de b\u00fasqueda y difusi\u00f3n de Fichas de Localizaci\u00f3n\u201d.<\/p>\n\n\n\n<p>Agreg\u00f3 que para agilizar el trabajo de b\u00fasqueda, la FGEO activ\u00f3 la Alerta \u00c1mber, protocolo es independiente de la denuncia o proceso penal que inicien las autoridades competentes.<\/p>\n\n\n\n<p>\u201cTras la localizaci\u00f3n de los menores de edad &#8211; encontrados en un domicilio ubicado en el municipio de Santa Luc\u00eda del Camino- fueron restituidos de manera inmediata con sus familias; enseguida, se inici\u00f3 la carpeta de investigaci\u00f3n 33350\/FVCE\/TLACOLULA\/2021, que est\u00e1 en el plazo ministerial de integraci\u00f3n por la probable comisi\u00f3n del delito de trata de personas\u201d dijo.<\/p>\n\n\n\n<p>A\u00f1adi\u00f3 que por estos hechos, una persona del sexo femenino est\u00e1 detenida y en las pr\u00f3ximas horas ser\u00e1 presentada ante el Juez de la causa para determinar si existe responsabilidad o participaci\u00f3n en este caso.<\/p>\n\n\n\n<p>Omiti\u00f3 se\u00f1alar que los menores fueron sustra\u00eddos de sus domicilios en Tlacolula de Matamoros; los familiares se\u00f1alaron desde el s\u00e1bado la poca atenci\u00f3n de la Fiscal\u00eda para apoyarlos en la b\u00fasqueda e incluso &#8211;pese a la gravedad de la situaci\u00f3n&#8211; les dijeron que tendr\u00edan que pasar 24 horas para presentar la denuncia formal.<\/p>\n","protected":false},"excerpt":{"rendered":"<p>Redacci\u00f3n\/Zona Roja. Foto: Cortes\u00eda Oaxaca de Ju\u00e1rez, Oax. 11 de octubre de 2021.- Cuarenta y&hellip;<\/p>\n","protected":false},"author":2,"featured_media":33058,"comment_status":"closed","ping_status":"open","sticky":false,"template":"","format":"standard","meta":{"_lmt_disableupdate":"","_lmt_disable":"","_jetpack_memberships_contains_paid_content":false,"footnotes":""},"categories":[109,47],"tags":[337],"class_list":["post-33057","post","type-post","status-publish","format-standard","has-post-thumbnail","hentry","category-minuto-a-minuto","category-zona-gris","tag-santa-lucia-del-camino"],"jetpack_featured_media_url":"https:\/\/zonaroja.com.mx\/wp-content\/uploads\/2021\/10\/Menores-rescatados-Oaxaca-Santa-Lucia.jpg","jetpack_sharing_enabled":true,"_links":{"self":[{"href":"https:\/\/zonaroja.com.mx\/index.php?rest_route=\/wp\/v2\/posts\/33057","targetHints":{"allow":["GET"]}}],"collection":[{"href":"https:\/\/zonaroja.com.mx\/index.php?rest_route=\/wp\/v2\/posts"}],"about":[{"href":"https:\/\/zonaroja.com.mx\/index.php?rest_route=\/wp\/v2\/types\/post"}],"author":[{"embeddable":true,"href":"https:\/\/zonaroja.com.mx\/index.php?rest_route=\/wp\/v2\/users\/2"}],"replies":[{"embeddable":true,"href":"https:\/\/zonaroja.com.mx\/index.php?rest_route=%2Fwp%2Fv2%2Fcomments&post=33057"}],"version-history":[{"count":1,"href":"https:\/\/zonaroja.com.mx\/index.php?rest_route=\/wp\/v2\/posts\/33057\/revisions"}],"predecessor-version":[{"id":33059,"href":"https:\/\/zonaroja.com.mx\/index.php?rest_route=\/wp\/v2\/posts\/33057\/revisions\/33059"}],"wp:featuredmedia":[{"embeddable":true,"href":"https:\/\/zonaroja.com.mx\/index.php?rest_route=\/wp\/v2\/media\/33058"}],"wp:attachment":[{"href":"https:\/\/zonaroja.com.mx\/index.php?rest_route=%2Fwp%2Fv2%2Fmedia&parent=33057"}],"wp:term":[{"taxonomy":"category","embeddable":true,"href":"https:\/\/zonaroja.com.mx\/index.php?rest_route=%2Fwp%2Fv2%2Fcategories&post=33057"},{"taxonomy":"post_tag","embeddable":true,"href":"https:\/\/zonaroja.com.mx\/index.php?rest_route=%2Fwp%2Fv2%2Ftags&post=33057"}],"curies":[{"name":"wp","href":"https:\/\/api.w.org\/{rel}","templated":true}]}}