{"id":33064,"date":"2021-10-12T07:41:53","date_gmt":"2021-10-12T12:41:53","guid":{"rendered":"http:\/\/www.zonaroja.com.mx\/?p=33064"},"modified":"2021-10-12T07:41:57","modified_gmt":"2021-10-12T12:41:57","slug":"entrega-ieepo-insumos-de-higiene-y-limpieza-a-escuelas-de-educacion-basica","status":"publish","type":"post","link":"https:\/\/zonaroja.com.mx\/?p=33064","title":{"rendered":"Entrega IEEPO insumos de higiene y limpieza a escuelas de educaci\u00f3n b\u00e1sica"},"content":{"rendered":"\n<p>Redacci\u00f3n\/Zona Roja.<\/p>\n\n\n\n<p>Oaxaca de Ju\u00e1rez, Oax., 12 de octubre de 2021.-&nbsp; En las acciones para salvaguardar la salud de la comunidad escolar y personal educativo, as\u00ed como reforzar los protocolos sanitarios, el director general del Instituto Estatal de Educaci\u00f3n P\u00fablica de Oaxaca (IEEPO), Francisco \u00c1ngel Villarreal, mantiene estrecha colaboraci\u00f3n con autoridades municipales, organizaciones mundiales y de la sociedad civil, para dotar de insumos, material de limpieza, desinfecci\u00f3n, higiene y sanitizaci\u00f3n a los planteles educativos.<\/p>\n\n\n\n<p>Con el respaldo del gobernador Alejandro Murat Hinojosa, se entregan paquetes de cubrebocas, jabones, toallas para el secado de manos, gel antibacterial, detergente en polvo, guantes, cloro, jergas, desinfectantes y otros art\u00edculos, a instituciones de preescolar, primaria y secundaria en sus diferentes modalidades, en especial ubicadas en zonas alejadas y de dif\u00edcil orograf\u00eda.<\/p>\n\n\n\n<p>En estas acciones se cuenta con el apoyo de autoridades municipales, as\u00ed como del Fondo de las Naciones Unidas para la Infancia (UNICEF) y Fundaci\u00f3n METLIFE M\u00e9xico, que promueven actividades preventivas para cuidar la integridad de las y los estudiantes y garantizar buenas condiciones de salubridad.<\/p>\n\n\n\n<p>Como parte de la campa\u00f1a \u201cSalud en tus manos\u201d, UNICEF en coordinaci\u00f3n con el IEEPO distribuye dotaciones de jab\u00f3n antibacterial y cubrebocas, principalmente en las escuelas de la Sierra Sur, Valles Centrales y la Ca\u00f1ada, donde este a\u00f1o se instalaron las primeras 100 estaciones de lavado de manos.<\/p>\n\n\n\n<figure class=\"wp-block-embed-twitter wp-block-embed is-type-rich is-provider-twitter\"><div class=\"wp-block-embed__wrapper\">\n<div class=\"twitter-tweet\"><blockquote class=\"twitter-tweet\" data-lang=\"es\"><p lang=\"es\" dir=\"ltr\">Nos une el amor que tenemos por nuestro Estado Oaxaca, nuestros proyectos en com\u00fan y una amistad s\u00f3lida de muchos a\u00f1os. Velada memorable <a href=\"https:\/\/twitter.com\/JAHFraguas?ref_src=twsrc%5Etfw\">@JAHFraguas<\/a>,<a href=\"https:\/\/twitter.com\/lorena_cdh?ref_src=twsrc%5Etfw\">@Lorena_cdh<\/a>, <a href=\"https:\/\/twitter.com\/GbCora?ref_src=twsrc%5Etfw\">@GbCora<\/a>,<a href=\"https:\/\/twitter.com\/GiselleAuguro?ref_src=twsrc%5Etfw\">@GiselleAuguro<\/a>. <a href=\"https:\/\/t.co\/YwOzV2gdnC\">pic.twitter.com\/YwOzV2gdnC<\/a><\/p>&mdash; Francisco Villarreal (@VillarrealPaco) <a href=\"https:\/\/twitter.com\/VillarrealPaco\/status\/1447388320326197249?ref_src=twsrc%5Etfw\">11 de octubre de 2021<\/a><\/blockquote><\/div>\n<\/div><\/figure>\n\n\n\n<p>Otra de las estrategias que el Instituto lleva a cabo desde el inicio de la emergencia sanitaria, relacionada con la entrega de suministros, es la distribuci\u00f3n de paquetes de cubrebocas, gel antibacterial y jab\u00f3n as\u00ed como material de aseo a los planteles educativos.<\/p>\n\n\n\n<p>Al recibir los insumos, autoridades municipales, madres y padres de familia de comunidades como Mazatl\u00e1n Villa de Flores, San Jos\u00e9 Pe\u00f1asco, Coatecas Altas y San Lorenzo Texmel\u00facan, agradecieron el compromiso mostrado por el director general, Francisco \u00c1ngel Villarreal para el cuidado de la salud de la comunidad escolar.<\/p>\n\n\n\n<p>El lavado frecuente de manos ha ocupado un lugar central como una de las formas m\u00e1s eficientes de protegerse contra la pandemia actual del coronavirus (COVID-19), por lo que para reforzar este h\u00e1bito en ni\u00f1as, ni\u00f1os, adolescentes y j\u00f3venes de educaci\u00f3n b\u00e1sica, con la entrega del material se comparten mensajes de autocuidado y prevenci\u00f3n de enfermedades.<\/p>\n","protected":false},"excerpt":{"rendered":"<p>Redacci\u00f3n\/Zona Roja. Oaxaca de Ju\u00e1rez, Oax., 12 de octubre de 2021.-&nbsp; En las acciones para&hellip;<\/p>\n","protected":false},"author":2,"featured_media":33065,"comment_status":"closed","ping_status":"open","sticky":false,"template":"","format":"standard","meta":{"_lmt_disableupdate":"","_lmt_disable":"","_jetpack_memberships_contains_paid_content":false,"footnotes":""},"categories":[109,46],"tags":[2837],"class_list":["post-33064","post","type-post","status-publish","format-standard","has-post-thumbnail","hentry","category-minuto-a-minuto","category-zona-blanca","tag-instituto-estatal-de-educacion-publica-de-oaxaca-ieepo"],"jetpack_featured_media_url":"https:\/\/zonaroja.com.mx\/wp-content\/uploads\/2021\/10\/02-IEEPO.jpeg","jetpack_sharing_enabled":true,"_links":{"self":[{"href":"https:\/\/zonaroja.com.mx\/index.php?rest_route=\/wp\/v2\/posts\/33064","targetHints":{"allow":["GET"]}}],"collection":[{"href":"https:\/\/zonaroja.com.mx\/index.php?rest_route=\/wp\/v2\/posts"}],"about":[{"href":"https:\/\/zonaroja.com.mx\/index.php?rest_route=\/wp\/v2\/types\/post"}],"author":[{"embeddable":true,"href":"https:\/\/zonaroja.com.mx\/index.php?rest_route=\/wp\/v2\/users\/2"}],"replies":[{"embeddable":true,"href":"https:\/\/zonaroja.com.mx\/index.php?rest_route=%2Fwp%2Fv2%2Fcomments&post=33064"}],"version-history":[{"count":1,"href":"https:\/\/zonaroja.com.mx\/index.php?rest_route=\/wp\/v2\/posts\/33064\/revisions"}],"predecessor-version":[{"id":33066,"href":"https:\/\/zonaroja.com.mx\/index.php?rest_route=\/wp\/v2\/posts\/33064\/revisions\/33066"}],"wp:featuredmedia":[{"embeddable":true,"href":"https:\/\/zonaroja.com.mx\/index.php?rest_route=\/wp\/v2\/media\/33065"}],"wp:attachment":[{"href":"https:\/\/zonaroja.com.mx\/index.php?rest_route=%2Fwp%2Fv2%2Fmedia&parent=33064"}],"wp:term":[{"taxonomy":"category","embeddable":true,"href":"https:\/\/zonaroja.com.mx\/index.php?rest_route=%2Fwp%2Fv2%2Fcategories&post=33064"},{"taxonomy":"post_tag","embeddable":true,"href":"https:\/\/zonaroja.com.mx\/index.php?rest_route=%2Fwp%2Fv2%2Ftags&post=33064"}],"curies":[{"name":"wp","href":"https:\/\/api.w.org\/{rel}","templated":true}]}}