{"id":33067,"date":"2021-10-12T07:46:16","date_gmt":"2021-10-12T12:46:16","guid":{"rendered":"http:\/\/www.zonaroja.com.mx\/?p=33067"},"modified":"2021-10-12T07:46:19","modified_gmt":"2021-10-12T12:46:19","slug":"realizan-en-huajuapan-foro-de-seguridad-y-proteccion-civil","status":"publish","type":"post","link":"https:\/\/zonaroja.com.mx\/?p=33067","title":{"rendered":"Realizan en Huajuapan foro de seguridad y protecci\u00f3n civil"},"content":{"rendered":"\n<p>Redacci\u00f3n\/Zona Roja.<\/p>\n\n\n\n<p>Oaxaca de Ju\u00e1rez, Oax., 12 de octubre de 2021.- El titular de la Secretar\u00eda de Seguridad P\u00fablica de Oaxaca (SSPO), Heliodoro D\u00edaz Esc\u00e1rraga particip\u00f3 este lunes en el Foro de Seguridad P\u00fablica y Protecci\u00f3n Civil, organizado por los concejales electos del municipio de Huajuapan de Le\u00f3n, a fin de conocer un diagn\u00f3stico oportuno de la situaci\u00f3n actual en dicha localidad.<\/p>\n\n\n\n<p>En este ejercicio democr\u00e1tico, D\u00edaz Esc\u00e1rraga refiri\u00f3 que estos espacios permiten orientar las pol\u00edticas y programas de las nuevas administraciones, a fin de afrontar oportunamente los retos principales de estos tiempos.<\/p>\n\n\n\n<p>Asimismo, y como parte de dicha din\u00e1mica, plante\u00f3 reorganizar a la corporaci\u00f3n municipal, enfocado hacia un esquema de proximidad social; mejorar y hacer permanente la coordinaci\u00f3n entre los tres \u00f3rdenes de gobierno y generar informaci\u00f3n de inteligencia.<\/p>\n\n\n\n<figure class=\"wp-block-embed-twitter wp-block-embed is-type-rich is-provider-twitter\"><div class=\"wp-block-embed__wrapper\">\n<div class=\"twitter-tweet\"><blockquote class=\"twitter-tweet\" data-lang=\"es\"><p lang=\"es\" dir=\"ltr\">En la <a href=\"https:\/\/twitter.com\/hashtag\/SSPO?src=hash&amp;ref_src=twsrc%5Etfw\">#SSPO<\/a>, liderados por nuestro titular <a href=\"https:\/\/twitter.com\/Heliodoro_hcde?ref_src=twsrc%5Etfw\">@Heliodoro_hcde<\/a> trabajamos todos los d\u00edas  para atender las necesidades de los pueblos en materia de seguridad. <br>\u2611\ufe0f Las autoridades municipales fortalecen la estructura del sistema de seguridad p\u00fablica de nuestro estado. <a href=\"https:\/\/t.co\/vB8ua2N2aN\">pic.twitter.com\/vB8ua2N2aN<\/a><\/p>&mdash; Sr\u00eda. Seg. P\u00fab. Oax. (@SSP_GobOax) <a href=\"https:\/\/twitter.com\/SSP_GobOax\/status\/1447308512585945089?ref_src=twsrc%5Etfw\">10 de octubre de 2021<\/a><\/blockquote><\/div>\n<\/div><\/figure>\n\n\n\n<p>Tambi\u00e9n, impulsar las comunicaciones, videovigilancia y llamadas de emergencia; capacitar y profesionalizar a los cuerpos policiales; as\u00ed como, reforzar los mecanismos de participaci\u00f3n ciudadana para propiciar una nueva cultura de la prevenci\u00f3n del delito.<\/p>\n\n\n\n<p>Por ello, recalc\u00f3 que \u201cla seguridad p\u00fablica no debe ser comprendida exclusivamente bajo criterios policiales, pues va m\u00e1s all\u00e1 de la prevenci\u00f3n, reacci\u00f3n o investigaci\u00f3n de conductas antisociales y delictivas, articulando a los procesos de justicia y pol\u00edtica, y desde esos planos propicia el progreso, desarrollo humano y bienestar com\u00fan\u201d.<\/p>\n","protected":false},"excerpt":{"rendered":"<p>Redacci\u00f3n\/Zona Roja. Oaxaca de Ju\u00e1rez, Oax., 12 de octubre de 2021.- El titular de la&hellip;<\/p>\n","protected":false},"author":2,"featured_media":33068,"comment_status":"closed","ping_status":"open","sticky":false,"template":"","format":"standard","meta":{"_lmt_disableupdate":"","_lmt_disable":"","_jetpack_memberships_contains_paid_content":false,"footnotes":""},"categories":[109,46],"tags":[1421],"class_list":["post-33067","post","type-post","status-publish","format-standard","has-post-thumbnail","hentry","category-minuto-a-minuto","category-zona-blanca","tag-secretaria-de-seguridad-publica-de-oaxaca-sspo"],"jetpack_featured_media_url":"https:\/\/zonaroja.com.mx\/wp-content\/uploads\/2021\/10\/SSPO-1.jpg","jetpack_sharing_enabled":true,"_links":{"self":[{"href":"https:\/\/zonaroja.com.mx\/index.php?rest_route=\/wp\/v2\/posts\/33067","targetHints":{"allow":["GET"]}}],"collection":[{"href":"https:\/\/zonaroja.com.mx\/index.php?rest_route=\/wp\/v2\/posts"}],"about":[{"href":"https:\/\/zonaroja.com.mx\/index.php?rest_route=\/wp\/v2\/types\/post"}],"author":[{"embeddable":true,"href":"https:\/\/zonaroja.com.mx\/index.php?rest_route=\/wp\/v2\/users\/2"}],"replies":[{"embeddable":true,"href":"https:\/\/zonaroja.com.mx\/index.php?rest_route=%2Fwp%2Fv2%2Fcomments&post=33067"}],"version-history":[{"count":1,"href":"https:\/\/zonaroja.com.mx\/index.php?rest_route=\/wp\/v2\/posts\/33067\/revisions"}],"predecessor-version":[{"id":33069,"href":"https:\/\/zonaroja.com.mx\/index.php?rest_route=\/wp\/v2\/posts\/33067\/revisions\/33069"}],"wp:featuredmedia":[{"embeddable":true,"href":"https:\/\/zonaroja.com.mx\/index.php?rest_route=\/wp\/v2\/media\/33068"}],"wp:attachment":[{"href":"https:\/\/zonaroja.com.mx\/index.php?rest_route=%2Fwp%2Fv2%2Fmedia&parent=33067"}],"wp:term":[{"taxonomy":"category","embeddable":true,"href":"https:\/\/zonaroja.com.mx\/index.php?rest_route=%2Fwp%2Fv2%2Fcategories&post=33067"},{"taxonomy":"post_tag","embeddable":true,"href":"https:\/\/zonaroja.com.mx\/index.php?rest_route=%2Fwp%2Fv2%2Ftags&post=33067"}],"curies":[{"name":"wp","href":"https:\/\/api.w.org\/{rel}","templated":true}]}}