{"id":33070,"date":"2021-10-12T08:21:04","date_gmt":"2021-10-12T13:21:04","guid":{"rendered":"http:\/\/www.zonaroja.com.mx\/?p=33070"},"modified":"2021-10-12T08:38:45","modified_gmt":"2021-10-12T13:38:45","slug":"comparecen-aspirantes-a-magistrados-activista-senala-a-uno-de-coludirse-con-agresores","status":"publish","type":"post","link":"https:\/\/zonaroja.com.mx\/?p=33070","title":{"rendered":"Comparecen aspirantes a magistrados; activista se\u00f1ala a uno de coludirse con agresores"},"content":{"rendered":"\n<p>Ismael Garc\u00eda M.\/Zona Roja.<\/p>\n\n\n\n<p>Oaxaca de Ju\u00e1rez, Oax., 12 de octubre de 2021- La Comisi\u00f3n Permanente de Procuraci\u00f3n y Administraci\u00f3n de Justicia de la 64 Legislatura del Congreso de Oaxaca inici\u00f3 ayer la comparecencia de aspirantes a magistrados del Poder Judicial y del Tribunal de Justicia Administrativa.<\/p>\n\n\n\n<p>Sin embargo, de acuerdo con el Foro Permanente de Abogados A. C., ya habr\u00eda \u201cfavoritos\u201d para ocupar cinco vacantes, sugeridos por el titular del Poder Ejecutivo.<\/p>\n\n\n\n<p>Adem\u00e1s, habr\u00eda el riesgo de que la Diputaci\u00f3n Permanente no convoque a sesi\u00f3n extraordinaria del pleno &#8211;pues los periodos ordinarios ya concluyeron&#8211;, lo que permitir\u00eda, de nueva cuenta, al gobernador Alejandro Murat realizar las designaciones.<\/p>\n\n\n\n<p>De la convocatoria mixta hay tres vacantes a ocupar y quien ser\u00eda elegido como magistrado ser\u00eda Juan Carlos D\u00edaz Carranza &#8211;hijo del priista Juan D\u00edaz Pimentel-, notario p\u00fablico que desde hace varios a\u00f1os no reside en Oaxaca sino en Puebla, donde incluso ha ocupado distintos cargos.<\/p>\n\n\n\n<p>La otra vacante ser\u00eda para Alejandro Magno Gonz\u00e1lez Antonio, actual vicefiscal de la Fiscal\u00eda General del Estado de Oaxaca.<\/p>\n\n\n\n<figure class=\"wp-block-embed-twitter wp-block-embed is-type-rich is-provider-twitter\"><div class=\"wp-block-embed__wrapper\">\n<div class=\"twitter-tweet\"><blockquote class=\"twitter-tweet\" data-lang=\"es\"><p lang=\"es\" dir=\"ltr\">Alejandro Magno se llama el <a href=\"https:\/\/twitter.com\/hashtag\/corrupto?src=hash&amp;ref_src=twsrc%5Etfw\">#corrupto<\/a> que ahora quiere ser <a href=\"https:\/\/twitter.com\/hashtag\/magistrado?src=hash&amp;ref_src=twsrc%5Etfw\">#magistrado<\/a> y que en <a href=\"https:\/\/twitter.com\/hashtag\/Oaxaca?src=hash&amp;ref_src=twsrc%5Etfw\">#Oaxaca<\/a> lo conocemos por estropear nuestras investigaciones junto a <a href=\"https:\/\/twitter.com\/RVasconcelosM?ref_src=twsrc%5Etfw\">@RVasconcelosM<\/a>. \u00bfCrees que olvidar\u00eda tu melosa amistad con los criminales V. C., MIS AGRESORES?<a href=\"https:\/\/twitter.com\/hashtag\/Complice?src=hash&amp;ref_src=twsrc%5Etfw\">#Complice<\/a> <a href=\"https:\/\/twitter.com\/tsjoaxaca?ref_src=twsrc%5Etfw\">@tsjoaxaca<\/a> <a href=\"https:\/\/twitter.com\/hashtag\/miserable?src=hash&amp;ref_src=twsrc%5Etfw\">#miserable<\/a> <a href=\"https:\/\/t.co\/QzrOSlkLm7\">pic.twitter.com\/QzrOSlkLm7<\/a><\/p>&mdash; Elena R\u00edos \ud83c\udfb7 (@_ElenaRios) <a href=\"https:\/\/twitter.com\/_ElenaRios\/status\/1447750124260794368?ref_src=twsrc%5Etfw\">12 de octubre de 2021<\/a><\/blockquote><\/div>\n<\/div><\/figure>\n\n\n\n<p>Sin embargo, \u00e9ste fue se\u00f1alado por la saxofonista Mar\u00eda Elena R\u00edos Ortiz como uno de quienes protege a sus agresores, Juan Antonio V. C., y el hijo de \u00e9ste, Juan V. H.:<\/p>\n\n\n\n<p>\u201cAlejandro Magno se llama el corrupto que ahora quiere ser magistrado y que en Oaxaca lo conocemos por estropear nuestras investigaciones. \u00bfCrees que olvidar\u00eda tu complicidad con los criminales V. C., mis agresores?<\/p>\n\n\n\n<p>\u201c\u2026lo conocemos por estropear nuestras investigaciones junto a Rub\u00e9n Vasconcelos. \u00bfCrees que olvidar\u00eda tu melosa amistad con los criminales V. C., mis agresores?\u201d, difundi\u00f3 ayer a trav\u00e9s de redes sociales.<\/p>\n\n\n\n<p>En la tercera terna la \u201cfavorita\u201d es Berenice Ram\u00edrez Jim\u00e9nez, recomendada de un consejero de la Judicatura Federal).<\/p>\n\n\n\n<p>De la convocatoria dirigida s\u00f3lo a mujeres, ser\u00edan designadas Joanna Vasconcelos S\u00e1nchez y Sof\u00eda Altamirano Rueda.<\/p>\n\n\n\n<p>\u201cCon la seguridad de que los actuales integrantes del Congreso de Oaxaca, (que ya hasta se despidieron) nuevamente, no convoquen a sesi\u00f3n extraordinaria en los 23 d\u00edas que le queda a su periodo y con el pretexto de cumplir con la \u201cobligaci\u00f3n\u201d que el art\u00edculo 102 de la Constituci\u00f3n de Oaxaca le concede, sea \u00e9l, el gobernador Alejandro Murat Hinojosa quien los nombre, con lo que sumar\u00e1 una bolsa de ocho magistrados designados por dedazo en el periodo record de un a\u00f1o\u201d, difundi\u00f3 el fin de semana el presidente del Foro Permanente de Abogados, Eduardo Castillo P\u00e9rez.<\/p>\n\n\n\n<p>\u201cLos oficios que contienen las ternas y est\u00e1n circulando en redes sociales, tienen fecha de 5 de octubre de 2021. As\u00ed que los 20 d\u00edas naturales con los que cuenta el Congreso de Oaxaca para elegir a uno o una de cada terna, vence el lunes 25 de octubre de 2021.<\/p>\n\n\n\n<p>\u201cA\u00fan dentro del periodo constitucional de la mayor\u00eda de los integrantes de la Legislatura que est\u00e1n por irse y que llegaron por el partido pol\u00edtico Morena, quienes, intencionalmente&nbsp; le han regalado ya tres magistraturas al actual gobernador de Oaxaca. Dif\u00edcil pensar que estos diputados y diputadas se quieran ir con las bolsas vac\u00edas en lo que ellos conocen como el \u2018A\u00f1o de Hidalgo\u2019\u201d, agreg\u00f3.<\/p>\n","protected":false},"excerpt":{"rendered":"<p>Ismael Garc\u00eda M.\/Zona Roja. Oaxaca de Ju\u00e1rez, Oax., 12 de octubre de 2021- La Comisi\u00f3n&hellip;<\/p>\n","protected":false},"author":2,"featured_media":33071,"comment_status":"closed","ping_status":"open","sticky":false,"template":"","format":"standard","meta":{"_lmt_disableupdate":"","_lmt_disable":"","_jetpack_memberships_contains_paid_content":false,"footnotes":""},"categories":[109,47],"tags":[213],"class_list":["post-33070","post","type-post","status-publish","format-standard","has-post-thumbnail","hentry","category-minuto-a-minuto","category-zona-gris","tag-64-legislatura-de-oaxaca"],"jetpack_featured_media_url":"https:\/\/zonaroja.com.mx\/wp-content\/uploads\/2021\/10\/Comparecen-aspirantes-a-magistrados.jpg","jetpack_sharing_enabled":true,"_links":{"self":[{"href":"https:\/\/zonaroja.com.mx\/index.php?rest_route=\/wp\/v2\/posts\/33070","targetHints":{"allow":["GET"]}}],"collection":[{"href":"https:\/\/zonaroja.com.mx\/index.php?rest_route=\/wp\/v2\/posts"}],"about":[{"href":"https:\/\/zonaroja.com.mx\/index.php?rest_route=\/wp\/v2\/types\/post"}],"author":[{"embeddable":true,"href":"https:\/\/zonaroja.com.mx\/index.php?rest_route=\/wp\/v2\/users\/2"}],"replies":[{"embeddable":true,"href":"https:\/\/zonaroja.com.mx\/index.php?rest_route=%2Fwp%2Fv2%2Fcomments&post=33070"}],"version-history":[{"count":2,"href":"https:\/\/zonaroja.com.mx\/index.php?rest_route=\/wp\/v2\/posts\/33070\/revisions"}],"predecessor-version":[{"id":33076,"href":"https:\/\/zonaroja.com.mx\/index.php?rest_route=\/wp\/v2\/posts\/33070\/revisions\/33076"}],"wp:featuredmedia":[{"embeddable":true,"href":"https:\/\/zonaroja.com.mx\/index.php?rest_route=\/wp\/v2\/media\/33071"}],"wp:attachment":[{"href":"https:\/\/zonaroja.com.mx\/index.php?rest_route=%2Fwp%2Fv2%2Fmedia&parent=33070"}],"wp:term":[{"taxonomy":"category","embeddable":true,"href":"https:\/\/zonaroja.com.mx\/index.php?rest_route=%2Fwp%2Fv2%2Fcategories&post=33070"},{"taxonomy":"post_tag","embeddable":true,"href":"https:\/\/zonaroja.com.mx\/index.php?rest_route=%2Fwp%2Fv2%2Ftags&post=33070"}],"curies":[{"name":"wp","href":"https:\/\/api.w.org\/{rel}","templated":true}]}}