{"id":33073,"date":"2021-10-12T08:37:12","date_gmt":"2021-10-12T13:37:12","guid":{"rendered":"http:\/\/www.zonaroja.com.mx\/?p=33073"},"modified":"2021-10-12T08:37:15","modified_gmt":"2021-10-12T13:37:15","slug":"busca-fiscalia-a-gaby-y-el-moreno-por-plagio-de-menores-en-oaxaca","status":"publish","type":"post","link":"https:\/\/zonaroja.com.mx\/?p=33073","title":{"rendered":"Busca Fiscal\u00eda a \u201cGaby\u201d y \u201cEl Moreno\u201d, por plagio de menores en Oaxaca"},"content":{"rendered":"\n<p>Redacci\u00f3n\/Zona Roja.<\/p>\n\n\n\n<p>Oaxaca de Ju\u00e1rez, Oax., 12 de octubre de 2021.- La Fiscal\u00eda General del Estado de Oaxaca busca a dos personas identificadas como \u201cGaby\u201d y \u201cEl Moreno\u201d, quienes ser\u00edan los responsables de la privaci\u00f3n de la libertad de menores en Tlacolula de Matamoros y hallados en una vivienda en Santa Luc\u00eda del Camino.<\/p>\n\n\n\n<p>Sin embargo, la Fiscal\u00eda no ha precisado cu\u00e1ntos adolescentes, de entre 11 y 14 a\u00f1os de edad, fueron las v\u00edctimas; en medios de comunicaci\u00f3n se ha dado a conocer varias cifras, cinco, cuatro o tres.<\/p>\n\n\n\n<p>En tanto, de acuerdo con las primeras indagatorias de la Agencia Estatal de Investigaciones, por declaraciones de los familiares, pagar\u00eda a los menores reclutados ocho mil pesos y har\u00edan labores de \u201chalcones\u201d (vigilantes) para un grupo delictivo en el estado de Nuevo Le\u00f3n.<\/p>\n\n\n\n<p>El adolescente utilizado como se\u00f1uelo y que contact\u00f3 a las v\u00edctimas en un videojuego revel\u00f3 a uno de los polic\u00edas que las \u00f3rdenes fueron dadas por \u201cGaby\u201d y \u201cEl Moreno\u201d, junto con Miriam, la \u00fanica detenida la noche del pasado s\u00e1bado.<\/p>\n\n\n\n<figure class=\"wp-block-embed-twitter wp-block-embed is-type-rich is-provider-twitter\"><div class=\"wp-block-embed__wrapper\">\n<div class=\"twitter-tweet\"><blockquote class=\"twitter-tweet\" data-lang=\"es\"><p lang=\"es\" dir=\"ltr\">-Son ni\u00f1os que no son de usted, se\u00f1ora, por qu\u00e9 no mand\u00f3 traer al DIF\u2026<br>-No hice nada\u2026 yo de buena gente. <br>-\u00bfNo hizo nada tener a los ni\u00f1os all\u00e1 adentro?<br>-All\u00e1 est\u00e1n ellos\u2026<br>As\u00ed fue el rescate de menores en un domicilio de Santa Luc\u00eda del Camino, <a href=\"https:\/\/twitter.com\/hashtag\/Oaxaca?src=hash&amp;ref_src=twsrc%5Etfw\">#Oaxaca<\/a>, la noche del s\u00e1bado. <a href=\"https:\/\/t.co\/oxBXDtUidV\">pic.twitter.com\/oxBXDtUidV<\/a><\/p>&mdash; Zona Roja Oaxaca (@Zona_Roja_Oax) <a href=\"https:\/\/twitter.com\/Zona_Roja_Oax\/status\/1447903533618040837?ref_src=twsrc%5Etfw\">12 de octubre de 2021<\/a><\/blockquote><\/div>\n<\/div><\/figure>\n\n\n\n<p>Luego de sacarlos de Tlacolula, algunos por la fuerza, los llevar\u00edan a la terminal de autobuses de primera clase para salir a las 23:00 horas con rumbo a la Ciudad de M\u00e9xico; previo a ello los llevaron a un domicilio de la avenida Ferrocarril, colonia Santa Cecilia, Santa Luc\u00eda del Camino, de donde fueron rescatados.<\/p>\n\n\n\n<p>Sobre el caso, la Fiscal\u00eda General del Estado indic\u00f3 que luego de recibir la denuncia de no localizaci\u00f3n de las personas -cuyas edades oscilan entre los 11 y los 14 a\u00f1os-, a trav\u00e9s de la Vicefiscal\u00eda General de Atenci\u00f3n a V\u00edctimas y a la Sociedad, intervino desde el primer momento en coordinaci\u00f3n con las familias de las personas no localizadas para realizar labores de b\u00fasqueda y difusi\u00f3n de fichas de localizaci\u00f3n.<\/p>\n\n\n\n<p>Tras la localizaci\u00f3n de los menores de edad, fueron restituidos de manera inmediata con sus familias; enseguida, se inici\u00f3 la carpeta de investigaci\u00f3n 33350\/FVCE\/TLACOLULA\/2021, que est\u00e1 en el plazo ministerial de integraci\u00f3n por la probable comisi\u00f3n del delito de trata de personas.<\/p>\n","protected":false},"excerpt":{"rendered":"<p>Redacci\u00f3n\/Zona Roja. Oaxaca de Ju\u00e1rez, Oax., 12 de octubre de 2021.- La Fiscal\u00eda General del&hellip;<\/p>\n","protected":false},"author":2,"featured_media":33074,"comment_status":"closed","ping_status":"open","sticky":false,"template":"","format":"standard","meta":{"_lmt_disableupdate":"","_lmt_disable":"","_jetpack_memberships_contains_paid_content":false,"footnotes":""},"categories":[109,47],"tags":[337],"class_list":["post-33073","post","type-post","status-publish","format-standard","has-post-thumbnail","hentry","category-minuto-a-minuto","category-zona-gris","tag-santa-lucia-del-camino"],"jetpack_featured_media_url":"https:\/\/zonaroja.com.mx\/wp-content\/uploads\/2021\/10\/Menores-plagiados-Santa-Lucia-del-Camino.jpg","jetpack_sharing_enabled":true,"_links":{"self":[{"href":"https:\/\/zonaroja.com.mx\/index.php?rest_route=\/wp\/v2\/posts\/33073","targetHints":{"allow":["GET"]}}],"collection":[{"href":"https:\/\/zonaroja.com.mx\/index.php?rest_route=\/wp\/v2\/posts"}],"about":[{"href":"https:\/\/zonaroja.com.mx\/index.php?rest_route=\/wp\/v2\/types\/post"}],"author":[{"embeddable":true,"href":"https:\/\/zonaroja.com.mx\/index.php?rest_route=\/wp\/v2\/users\/2"}],"replies":[{"embeddable":true,"href":"https:\/\/zonaroja.com.mx\/index.php?rest_route=%2Fwp%2Fv2%2Fcomments&post=33073"}],"version-history":[{"count":1,"href":"https:\/\/zonaroja.com.mx\/index.php?rest_route=\/wp\/v2\/posts\/33073\/revisions"}],"predecessor-version":[{"id":33075,"href":"https:\/\/zonaroja.com.mx\/index.php?rest_route=\/wp\/v2\/posts\/33073\/revisions\/33075"}],"wp:featuredmedia":[{"embeddable":true,"href":"https:\/\/zonaroja.com.mx\/index.php?rest_route=\/wp\/v2\/media\/33074"}],"wp:attachment":[{"href":"https:\/\/zonaroja.com.mx\/index.php?rest_route=%2Fwp%2Fv2%2Fmedia&parent=33073"}],"wp:term":[{"taxonomy":"category","embeddable":true,"href":"https:\/\/zonaroja.com.mx\/index.php?rest_route=%2Fwp%2Fv2%2Fcategories&post=33073"},{"taxonomy":"post_tag","embeddable":true,"href":"https:\/\/zonaroja.com.mx\/index.php?rest_route=%2Fwp%2Fv2%2Ftags&post=33073"}],"curies":[{"name":"wp","href":"https:\/\/api.w.org\/{rel}","templated":true}]}}