{"id":3308,"date":"2019-08-22T22:11:00","date_gmt":"2019-08-23T03:11:00","guid":{"rendered":"http:\/\/www.zonaroja.com.mx\/?p=3308"},"modified":"2019-08-22T22:11:03","modified_gmt":"2019-08-23T03:11:03","slug":"ademas-de-asaltos-dos-ejecutados-este-jueves-en-oaxaca","status":"publish","type":"post","link":"https:\/\/zonaroja.com.mx\/?p=3308","title":{"rendered":"Adem\u00e1s de asaltos, dos ejecutados este jueves en Oaxaca"},"content":{"rendered":"\n<p>Redacci\u00f3n<\/p>\n\n\n\n<p>Oaxaca de\nJu\u00e1rez, Oax., 22 de agosto de 2019.- Adem\u00e1s de los dos asaltos perpetrados este\njueves en la regi\u00f3n Valles Centrales de Oaxaca con bot\u00edn superior a los 600 mil\npesos, dos personas fueron asesinadas a balazos.<\/p>\n\n\n\n<p>De acuerdo\ncon partes informativos de las corporaciones, esta tarde alrededor de las 18:00\nhoras en una propiedad de renta conocida como \u201cLos Mangales\u201d, fue ejecutado de\nun disparo de arma de fuego en la cabeza un individuo identificado como Antonio\nCruz.<\/p>\n\n\n\n<p>Hasta esta noche se desconoce cu\u00e1ntas personas participaron en el crimen, as\u00ed como el m\u00f3vil; el occiso presuntamente es funcionario de la Direcci\u00f3n del Registro Civil.<\/p>\n\n\n\n<figure class=\"wp-block-embed-twitter wp-block-embed is-type-rich is-provider-twitter\"><div class=\"wp-block-embed__wrapper\">\n<div class=\"twitter-tweet\"><blockquote class=\"twitter-tweet\" data-lang=\"es\"><p lang=\"es\" dir=\"ltr\"><a href=\"https:\/\/twitter.com\/hashtag\/OaxacaRojo?src=hash&amp;ref_src=twsrc%5Etfw\">#OaxacaRojo<\/a><br>Irritaci\u00f3n social y a la vez temor por grave inseguridad. <br>Hace unos momentos ejecutaron a balazos a un individuo en jurisdicci\u00f3n de San Juan Bautista La Raya, Xoxocotl\u00e1n, al sur de la capital. <br>Por ning\u00fan lado se ven los supuestos operativos de la <a href=\"https:\/\/twitter.com\/SSP_GobOax?ref_src=twsrc%5Etfw\">@SSP_GobOax<\/a> <a href=\"https:\/\/t.co\/lM2cQfdswS\">pic.twitter.com\/lM2cQfdswS<\/a><\/p>&mdash; Zona Roja Oaxaca (@MexRoja) <a href=\"https:\/\/twitter.com\/MexRoja\/status\/1164689970298314752?ref_src=twsrc%5Etfw\">23 de agosto de 2019<\/a><\/blockquote><\/div>\n<\/div><\/figure>\n\n\n\n<p>Mientras\ntanto, en San Pedro Totol\u00e1pam, perteneciente al distrito de Tlacolula, otra\npersona fue asesinada a balazos.<\/p>\n\n\n\n<p>En este\n\u00faltimo caso no hay mayores detalles pero se confirm\u00f3 que personal de la Agencia\nEstatal de Investigaciones acudi\u00f3 al lugar para realizar las primeras\nindagatorias.<\/p>\n\n\n\n<p>ASESINAN A\nEX EDIL<\/p>\n\n\n\n<p>Por otra\nparte, corporaciones policiacas confirmaron el asesinato del ex presidente\nmunicipal de Acatl\u00e1n P\u00e9rez Figueroa, David Maciel Sosa.<\/p>\n\n\n\n<p>Los hechos\nocurrieron ayer mi\u00e9rcoles en la autopista Puebla-Orizaba, a la altura de San\nMart\u00edn Texmelucan, de la entidad poblana.<\/p>\n\n\n\n<p>El hoy\nocciso viajaba con su familia con rumbo a la Ciudad de M\u00e9xico y posteriormente\nir\u00eda a Le\u00f3n, cuando se detuvo pasando la caseta de peaje de Texmelucan, debido\nal intenso tr\u00e1fico vehicular causado por un accidente.<\/p>\n\n\n\n<p>Fue entonces\nque se le acercaron al menos dos personas que lo amagaron con armas de fuego;\nel ex edil oaxaque\u00f1o opuso resistencia, por lo que fue baleado. <\/p>\n","protected":false},"excerpt":{"rendered":"<p>Redacci\u00f3n Oaxaca de Ju\u00e1rez, Oax., 22 de agosto de 2019.- Adem\u00e1s de los dos asaltos&hellip;<\/p>\n","protected":false},"author":2,"featured_media":3309,"comment_status":"closed","ping_status":"open","sticky":false,"template":"","format":"standard","meta":{"_lmt_disableupdate":"","_lmt_disable":"","_jetpack_memberships_contains_paid_content":false,"footnotes":""},"categories":[109,51],"tags":[601],"class_list":["post-3308","post","type-post","status-publish","format-standard","has-post-thumbnail","hentry","category-minuto-a-minuto","category-zona-roja","tag-san-juan-bautista-la-raya"],"jetpack_featured_media_url":"https:\/\/zonaroja.com.mx\/wp-content\/uploads\/2019\/08\/IMG_0956.jpg","jetpack_sharing_enabled":true,"_links":{"self":[{"href":"https:\/\/zonaroja.com.mx\/index.php?rest_route=\/wp\/v2\/posts\/3308","targetHints":{"allow":["GET"]}}],"collection":[{"href":"https:\/\/zonaroja.com.mx\/index.php?rest_route=\/wp\/v2\/posts"}],"about":[{"href":"https:\/\/zonaroja.com.mx\/index.php?rest_route=\/wp\/v2\/types\/post"}],"author":[{"embeddable":true,"href":"https:\/\/zonaroja.com.mx\/index.php?rest_route=\/wp\/v2\/users\/2"}],"replies":[{"embeddable":true,"href":"https:\/\/zonaroja.com.mx\/index.php?rest_route=%2Fwp%2Fv2%2Fcomments&post=3308"}],"version-history":[{"count":1,"href":"https:\/\/zonaroja.com.mx\/index.php?rest_route=\/wp\/v2\/posts\/3308\/revisions"}],"predecessor-version":[{"id":3310,"href":"https:\/\/zonaroja.com.mx\/index.php?rest_route=\/wp\/v2\/posts\/3308\/revisions\/3310"}],"wp:featuredmedia":[{"embeddable":true,"href":"https:\/\/zonaroja.com.mx\/index.php?rest_route=\/wp\/v2\/media\/3309"}],"wp:attachment":[{"href":"https:\/\/zonaroja.com.mx\/index.php?rest_route=%2Fwp%2Fv2%2Fmedia&parent=3308"}],"wp:term":[{"taxonomy":"category","embeddable":true,"href":"https:\/\/zonaroja.com.mx\/index.php?rest_route=%2Fwp%2Fv2%2Fcategories&post=3308"},{"taxonomy":"post_tag","embeddable":true,"href":"https:\/\/zonaroja.com.mx\/index.php?rest_route=%2Fwp%2Fv2%2Ftags&post=3308"}],"curies":[{"name":"wp","href":"https:\/\/api.w.org\/{rel}","templated":true}]}}