{"id":33085,"date":"2021-10-12T19:17:42","date_gmt":"2021-10-13T00:17:42","guid":{"rendered":"http:\/\/www.zonaroja.com.mx\/?p=33085"},"modified":"2021-10-12T19:17:45","modified_gmt":"2021-10-13T00:17:45","slug":"oaxaca-ingobernable-no-cesan-protestas-de-salud-universitarios-pobladores","status":"publish","type":"post","link":"https:\/\/zonaroja.com.mx\/?p=33085","title":{"rendered":"Oaxaca ingobernable: no cesan protestas de salud, universitarios, pobladores\u2026"},"content":{"rendered":"\n<p>Evlin Arag\u00f3n\/Zona Roja.<\/p>\n\n\n\n<p>Oaxaca de Ju\u00e1rez, Oax., 12 de octubre de 2021.- Las protestas se mantienen incesantes en Oaxaca, sin que la dependencia responsable de la pol\u00edtica interna del estado, act\u00fae a trav\u00e9s del di\u00e1logo y ha tenido que ser la Polic\u00eda Estatal, la que intervenga para mediar.<\/p>\n\n\n\n<p>La tarde de este martes, por segundo d\u00eda, personal del Programa Fortalecimiento a la Atenci\u00f3n M\u00e9dica, de los Servicios de Salud de Oaxaca, cerraron la calzada Porfirio D\u00edaz, en inmediaciones de la fuente de las Ocho Regiones.<\/p>\n\n\n\n<p>Ello, para denunciar que la dependencia bajo la responsabilidad Juan Carlos M\u00e1rquez Heine, no ha hecho caso a sus demandas, de otorgamiento de vi\u00e1ticos e insumos para mover las unidades m\u00f3viles, que dan servicio a las comunidades marginadas; tampoco les han renovado contratos de trabajo.<\/p>\n\n\n\n<p>Del sector salud, otro grupo, adscrito al Hospital Psiqui\u00e1trico, se apoder\u00f3 de las oficinas ubicadas en la calzada de la Rep\u00fablica.\u00a0 En tanto, en la calle de Miguel Cabrera, se mantiene bloqueo por los manifestantes de las caravanas m\u00e9dicas.<\/p>\n\n\n\n<figure class=\"wp-block-embed-twitter wp-block-embed is-type-rich is-provider-twitter\"><div class=\"wp-block-embed__wrapper\">\n<div class=\"twitter-tweet\"><blockquote class=\"twitter-tweet\" data-lang=\"es\"><p lang=\"es\" dir=\"ltr\"><a href=\"https:\/\/twitter.com\/hashtag\/%C3%9AltimoMinuto?src=hash&amp;ref_src=twsrc%5Etfw\">#\u00daltimoMinuto<\/a> <br>Por segundo d\u00eda consecutivo, trabajadores de los <a href=\"https:\/\/twitter.com\/SSO_GobOax?ref_src=twsrc%5Etfw\">@SSO_GobOax<\/a>, adscritos al Programa de Fortalecimiento M\u00e9dico, protestan en la ciudad de Oaxaca y ahora bloquean la calzada Porfirio D\u00edaz, en inmediaciones de la fuente de las Ocho Regiones. <a href=\"https:\/\/t.co\/qlSd6Vos3W\">pic.twitter.com\/qlSd6Vos3W<\/a><\/p>&mdash; Zona Roja Oaxaca (@Zona_Roja_Oax) <a href=\"https:\/\/twitter.com\/Zona_Roja_Oax\/status\/1448074375861735424?ref_src=twsrc%5Etfw\">12 de octubre de 2021<\/a><\/blockquote><\/div>\n<\/div><\/figure>\n\n\n\n<p>Previo a ello, integrantes del Sindicato de Trabajadores y Empleados de la Universidad Aut\u00f3noma \u201cBenito Ju\u00e1rez\u201d de Oaxaca (STEUABJO) radicalizaron sus protestas y confirmaron la ingobernabilidad que se viven en la capital y entidad oaxaque\u00f1a.&nbsp;<\/p>\n\n\n\n<p>SE RADICALIZAN<\/p>\n\n\n\n<p>Comandados por Julio Mora &#8211;presunto \u201cporro\u201d conocido como \u201cEl Mora\u201d&#8211;, quien tras una asamblea realizada la semana pasada se asume como dirigente, \u201ctomaron\u201d por la fuerza unidades del transporte p\u00fablico, incluida una del CityBus, y bloquearon por varias las inmediaciones de la Junta Local de Conciliaci\u00f3n y Arbitraje (JLCyA), adem\u00e1s impedir el paso en los cruceros viales de la zona norte de la ciudad.&nbsp;<\/p>\n\n\n\n<p>Lo anterior, en el marco de una audiencia que sostuvo una comisi\u00f3n del STEUABJO y la parte patronal ante la instancia laboral, a fin de llegar a un acuerdo respecto a sus demandas sindicales.<\/p>\n\n\n\n<p>\u201cQueremos decirle al gobernador y a sus funcionarios que no intervengan en un asunto de orden interno de la vida sindical, tambi\u00e9n al rector Eduardo Bautista que no se entrometa en la vida interna de este sindicato. La base ya decidi\u00f3 y me respaldan como dirigente\u201d, dijo Julio Mora al exigir la toma de nota con reconocimiento a su representatividad.\u00a0\u00a0\u00a0<\/p>\n\n\n\n<figure class=\"wp-block-embed-twitter wp-block-embed is-type-rich is-provider-twitter\"><div class=\"wp-block-embed__wrapper\">\n<div class=\"twitter-tweet\"><blockquote class=\"twitter-tweet\" data-lang=\"es\"><p lang=\"es\" dir=\"ltr\"><a href=\"https:\/\/twitter.com\/hashtag\/%C3%9AltimoMinuto?src=hash&amp;ref_src=twsrc%5Etfw\">#\u00daltimoMinuto<\/a> <br>2. Tras el desbloqueo en el crucero del ADO, sobre calzada H\u00e9roes de Chapultepec de la ciudad de <a href=\"https:\/\/twitter.com\/hashtag\/Oaxaca?src=hash&amp;ref_src=twsrc%5Etfw\">#Oaxaca<\/a>, elementos de la <a href=\"https:\/\/twitter.com\/Policia_GobOax?ref_src=twsrc%5Etfw\">@Policia_GobOax<\/a> de la <a href=\"https:\/\/twitter.com\/SSP_GobOax?ref_src=twsrc%5Etfw\">@SSP_GobOax<\/a> se concentran en el cruce con Heroico Colegio Militar, para probable desalojo. <a href=\"https:\/\/t.co\/K0bkF5CKOo\">pic.twitter.com\/K0bkF5CKOo<\/a><\/p>&mdash; Zona Roja Oaxaca (@Zona_Roja_Oax) <a href=\"https:\/\/twitter.com\/Zona_Roja_Oax\/status\/1447968223752699910?ref_src=twsrc%5Etfw\">12 de octubre de 2021<\/a><\/blockquote><\/div>\n<\/div><\/figure>\n\n\n\n<p>Al bloqueo instalado en inmediaciones de la terminal de autobuses del ADO llegaron elementos de la Polic\u00eda Estatal, quienes lograron liberar las unidades retenidas y dar paso a la libre circulaci\u00f3n de unidades y transe\u00fantes, sin embargo, la gremial asegur\u00f3 que mantendr\u00e1n las protestas e incluso podr\u00edan incrementarlas, incluyendo el paro de labores en la Universidad.&nbsp;&nbsp;<\/p>\n\n\n\n<p>No obstante, despu\u00e9s del mediod\u00eda, los sindicalizados retiraron su bloqueo del crucero de H\u00e9roes de Chapultepec y Heroico Colegio Militar, tras aceptar una mesa de di\u00e1logo con las autoridades estatales.<\/p>\n\n\n\n<p>En la Alameda de Le\u00f3n, al mediod\u00eda se manifestaron comerciantes ambulantes quienes exigieron al edil Oswaldo Garc\u00eda Jarqu\u00edn una mesa de di\u00e1logo y el cumplimiento de los acuerdos signados con el gremio a fin de que puedan volver a expender sus productos en el primer cuadro de la ciudad.&nbsp;&nbsp;<\/p>\n\n\n\n<p>Ah\u00ed mismo solicitaron la intervenci\u00f3n del gobernador de Oaxaca, Alejandro Murat Hinojosa, para dar soluci\u00f3n a la problem\u00e1tica que enfrentan tras el operativo de desalojo que los dej\u00f3 sin espacio de venta pese a que ya hab\u00edan realizado el pago de 12 mil a 35 mil pesos ante las autoridades.&nbsp;<\/p>\n\n\n\n<p>S\u00cd A LA MINA<\/p>\n\n\n\n<p>Al interior del estado, personal y transportistas de la Mina Cuzcatl\u00e1n se manifestaron de manera pac\u00edfica en la entrada de San Jos\u00e9 del Progreso para manifestar su respaldo a la actividad minera que se lleva a cabo al interior de la comunidad, misma que aseguran es fuente de empleo y no da\u00f1a el medio ambiente.&nbsp;<\/p>\n\n\n\n<p>\u201cLa mina genera empleos, s\u00ed a la miner\u00eda\u201d, \u201cNo m\u00e1s mentiras por parte de los antimineros\u201d, \u201cEn San Jos\u00e9 nos convertimos en mineros gracias a que nos brindaron empleo\u201d, \u201cLa mina Cuzcatl\u00e1n no contaminan\u201d, refer\u00edan las pancartas con las que se manifestaron.&nbsp;<\/p>\n\n\n\n<p>Mientras que, en la regi\u00f3n del Istmo, un grupo de integrantes del UCIZONI se manifest\u00f3 con un bloqueo en las v\u00edas del ferrocarril en la comunidad de Mat\u00edas Romero, para exigir una alto a los abusos por parte de la Comisi\u00f3n Federal de Electricidad (CFE).&nbsp;<\/p>\n\n\n\n<p>Ah\u00ed mismo exigieron el reconocimiento de la Energ\u00eda El\u00e9ctrica como un derecho humano, se pronunciaron en contra del Corredor Interoce\u00e1nico y exigieron la libertad de Salvador Pinal Mel\u00e9ndez, campesino y defensor comunitario.&nbsp;<\/p>\n\n\n\n<p>Por \u00faltimo, en la caseta de peaje de Huitzo, sobre la supercarretera Oaxaca-Cuacnopalan, un grupo de trabajadores del \u00e1rea de limpieza protest\u00f3 de manera pac\u00edfica para exigir que la empresa subcontratada por Caminos y Puentes Federales (Capufe) les pague la quincena.<\/p>\n\n\n\n<figure class=\"wp-block-embed-twitter wp-block-embed is-type-rich is-provider-twitter\"><div class=\"wp-block-embed__wrapper\">\n<div class=\"twitter-tweet\"><blockquote class=\"twitter-tweet\" data-lang=\"es\"><p lang=\"es\" dir=\"ltr\"><a href=\"https:\/\/twitter.com\/hashtag\/%C3%9AltimoMinuto?src=hash&amp;ref_src=twsrc%5Etfw\">#\u00daltimoMinuto<\/a> <br>Personal de limpieza que labora en la caseta de peaje de Huitzo, en la supercarretera <a href=\"https:\/\/twitter.com\/hashtag\/Oaxaca?src=hash&amp;ref_src=twsrc%5Etfw\">#Oaxaca<\/a>-Cuacnopalan, protestan este d\u00eda para exigir a <a href=\"https:\/\/twitter.com\/CAPUFE?ref_src=twsrc%5Etfw\">@CAPUFE<\/a> el pago de su quincena. <a href=\"https:\/\/t.co\/FUtxJnAmIa\">pic.twitter.com\/FUtxJnAmIa<\/a><\/p>&mdash; Zona Roja Oaxaca (@Zona_Roja_Oax) <a href=\"https:\/\/twitter.com\/Zona_Roja_Oax\/status\/1448051162339479558?ref_src=twsrc%5Etfw\">12 de octubre de 2021<\/a><\/blockquote><\/div>\n<\/div><\/figure>\n","protected":false},"excerpt":{"rendered":"<p>Evlin Arag\u00f3n\/Zona Roja. Oaxaca de Ju\u00e1rez, Oax., 12 de octubre de 2021.- Las protestas se&hellip;<\/p>\n","protected":false},"author":2,"featured_media":33086,"comment_status":"closed","ping_status":"open","sticky":false,"template":"","format":"standard","meta":{"_lmt_disableupdate":"","_lmt_disable":"","_jetpack_memberships_contains_paid_content":false,"footnotes":""},"categories":[109,47],"tags":[2254],"class_list":["post-33085","post","type-post","status-publish","format-standard","has-post-thumbnail","hentry","category-minuto-a-minuto","category-zona-gris","tag-protestas-y-bloqueos-oaxaca"],"jetpack_featured_media_url":"https:\/\/zonaroja.com.mx\/wp-content\/uploads\/2021\/10\/Protesta-FAM-Servicios-de-Salud.jpg","jetpack_sharing_enabled":true,"_links":{"self":[{"href":"https:\/\/zonaroja.com.mx\/index.php?rest_route=\/wp\/v2\/posts\/33085","targetHints":{"allow":["GET"]}}],"collection":[{"href":"https:\/\/zonaroja.com.mx\/index.php?rest_route=\/wp\/v2\/posts"}],"about":[{"href":"https:\/\/zonaroja.com.mx\/index.php?rest_route=\/wp\/v2\/types\/post"}],"author":[{"embeddable":true,"href":"https:\/\/zonaroja.com.mx\/index.php?rest_route=\/wp\/v2\/users\/2"}],"replies":[{"embeddable":true,"href":"https:\/\/zonaroja.com.mx\/index.php?rest_route=%2Fwp%2Fv2%2Fcomments&post=33085"}],"version-history":[{"count":1,"href":"https:\/\/zonaroja.com.mx\/index.php?rest_route=\/wp\/v2\/posts\/33085\/revisions"}],"predecessor-version":[{"id":33087,"href":"https:\/\/zonaroja.com.mx\/index.php?rest_route=\/wp\/v2\/posts\/33085\/revisions\/33087"}],"wp:featuredmedia":[{"embeddable":true,"href":"https:\/\/zonaroja.com.mx\/index.php?rest_route=\/wp\/v2\/media\/33086"}],"wp:attachment":[{"href":"https:\/\/zonaroja.com.mx\/index.php?rest_route=%2Fwp%2Fv2%2Fmedia&parent=33085"}],"wp:term":[{"taxonomy":"category","embeddable":true,"href":"https:\/\/zonaroja.com.mx\/index.php?rest_route=%2Fwp%2Fv2%2Fcategories&post=33085"},{"taxonomy":"post_tag","embeddable":true,"href":"https:\/\/zonaroja.com.mx\/index.php?rest_route=%2Fwp%2Fv2%2Ftags&post=33085"}],"curies":[{"name":"wp","href":"https:\/\/api.w.org\/{rel}","templated":true}]}}