{"id":33088,"date":"2021-10-12T21:19:58","date_gmt":"2021-10-13T02:19:58","guid":{"rendered":"http:\/\/www.zonaroja.com.mx\/?p=33088"},"modified":"2021-10-12T21:20:01","modified_gmt":"2021-10-13T02:20:01","slug":"critican-en-la-cueca-a-alberto-esteva-por-campana-politica-onerosa","status":"publish","type":"post","link":"https:\/\/zonaroja.com.mx\/?p=33088","title":{"rendered":"Critican en la Cueca a Alberto Esteva por campa\u00f1a pol\u00edtica onerosa"},"content":{"rendered":"\n<p>Redacci\u00f3n\/Zona Roja.<\/p>\n\n\n\n<p>Oaxaca de Ju\u00e1rez, Oax., 12 de octubre de 2021.- Fuera de tiempos oficiales, Alberto Esteva Salinas realiza una intensa campa\u00f1a pol\u00edtica en Oaxaca, en busca de ser candidato a gobernador, aunque sin saber por qu\u00e9 partido pol\u00edtico.<\/p>\n\n\n\n<p>Y es que este lunes acudi\u00f3 a la regi\u00f3n de la Cuenca del Papaloapan, donde fue se\u00f1alado de realizar gastos suntuosos en publicidad y renta de hoteles y salones de eventos, sin especificar de d\u00f3nde sale el dinero para ello.<\/p>\n\n\n\n<p>\u201cEs aportaci\u00f3n de los amigos\u201d, respondi\u00f3 ayer a la prensa, ante los cuestionamientos sobre el recurso que destina para promocionar su imagen.<\/p>\n\n\n\n<p>Lo mismo ha hecho en la ciudad de Oaxaca, en que tira folletos y otro tipo de propaganda con papel e impresi\u00f3n de calidad, adem\u00e1s de colocar lonas y espectaculares en distintos puntos.<\/p>\n\n\n\n<p>Diversos sectores se pronunciaron ayer por que Esteva Salinas rinda cuentas acerca de las m\u00faltiples irregularidades que dej\u00f3 a su paso como encargado de la alcald\u00eda de \u00c1lvaro Obreg\u00f3n, en la Ciudad de M\u00e9xico.<\/p>\n\n\n\n<p>Ello lo ha denunciado de manera constante la actual responsable de dicha demarcaci\u00f3n, L\u00eda Lim\u00f3n, quien inici\u00f3 la aplicaci\u00f3n de diversas auditor\u00edas a la gesti\u00f3n tanto del oaxaque\u00f1o como de su antecesora, Layda Sansores, actual gobernadora de Campeche.<\/p>\n\n\n\n<p>Pese a ello, Esteva Salinas recorre el estado a fin de posicionar su imagen, pero sin decidir cu\u00e1l partido podr\u00eda postularlo, pues en Morena no es bien recibido.<\/p>\n","protected":false},"excerpt":{"rendered":"<p>Redacci\u00f3n\/Zona Roja. Oaxaca de Ju\u00e1rez, Oax., 12 de octubre de 2021.- Fuera de tiempos oficiales,&hellip;<\/p>\n","protected":false},"author":2,"featured_media":33089,"comment_status":"closed","ping_status":"open","sticky":false,"template":"","format":"standard","meta":{"_lmt_disableupdate":"","_lmt_disable":"","_jetpack_memberships_contains_paid_content":false,"footnotes":""},"categories":[109,47],"tags":[1070],"class_list":["post-33088","post","type-post","status-publish","format-standard","has-post-thumbnail","hentry","category-minuto-a-minuto","category-zona-gris","tag-alberto-esteva-salinas"],"jetpack_featured_media_url":"https:\/\/zonaroja.com.mx\/wp-content\/uploads\/2021\/10\/Alberto-Esteva.jpg","jetpack_sharing_enabled":true,"_links":{"self":[{"href":"https:\/\/zonaroja.com.mx\/index.php?rest_route=\/wp\/v2\/posts\/33088","targetHints":{"allow":["GET"]}}],"collection":[{"href":"https:\/\/zonaroja.com.mx\/index.php?rest_route=\/wp\/v2\/posts"}],"about":[{"href":"https:\/\/zonaroja.com.mx\/index.php?rest_route=\/wp\/v2\/types\/post"}],"author":[{"embeddable":true,"href":"https:\/\/zonaroja.com.mx\/index.php?rest_route=\/wp\/v2\/users\/2"}],"replies":[{"embeddable":true,"href":"https:\/\/zonaroja.com.mx\/index.php?rest_route=%2Fwp%2Fv2%2Fcomments&post=33088"}],"version-history":[{"count":1,"href":"https:\/\/zonaroja.com.mx\/index.php?rest_route=\/wp\/v2\/posts\/33088\/revisions"}],"predecessor-version":[{"id":33090,"href":"https:\/\/zonaroja.com.mx\/index.php?rest_route=\/wp\/v2\/posts\/33088\/revisions\/33090"}],"wp:featuredmedia":[{"embeddable":true,"href":"https:\/\/zonaroja.com.mx\/index.php?rest_route=\/wp\/v2\/media\/33089"}],"wp:attachment":[{"href":"https:\/\/zonaroja.com.mx\/index.php?rest_route=%2Fwp%2Fv2%2Fmedia&parent=33088"}],"wp:term":[{"taxonomy":"category","embeddable":true,"href":"https:\/\/zonaroja.com.mx\/index.php?rest_route=%2Fwp%2Fv2%2Fcategories&post=33088"},{"taxonomy":"post_tag","embeddable":true,"href":"https:\/\/zonaroja.com.mx\/index.php?rest_route=%2Fwp%2Fv2%2Ftags&post=33088"}],"curies":[{"name":"wp","href":"https:\/\/api.w.org\/{rel}","templated":true}]}}