{"id":33101,"date":"2021-10-13T07:52:32","date_gmt":"2021-10-13T12:52:32","guid":{"rendered":"http:\/\/www.zonaroja.com.mx\/?p=33101"},"modified":"2021-10-13T07:52:35","modified_gmt":"2021-10-13T12:52:35","slug":"anuncian-jornada-de-mes-de-oaxaca-en-los-estados-unidos","status":"publish","type":"post","link":"https:\/\/zonaroja.com.mx\/?p=33101","title":{"rendered":"Anuncian jornada de \u201cMes de Oaxaca en los Estados Unidos\u201d"},"content":{"rendered":"\n<p>Redacci\u00f3n\/Zona Roja.<\/p>\n\n\n\n<p>Oaxaca de Ju\u00e1rez, Oax., 13 de octubre de 2021.- M\u00e9xico y Estados Unidos fortalecer\u00e1n sus lazos de hermanamiento, as\u00ed como v\u00ednculos culturales y econ\u00f3micos a trav\u00e9s del \u201cMes de Oaxaca en Estados Unidos\u201d, un espacio que reunir\u00e1, del pr\u00f3ximo 22 de octubre al 20 de noviembre, exposiciones de arte, reencuentros de familias migrantes del programa Guelaguetza familiar, muestras gastron\u00f3micas y jornadas para fomentar la inversi\u00f3n, promoci\u00f3n y comercializaci\u00f3n de productos oaxaque\u00f1os.<\/p>\n\n\n\n<p>\u201cEstamos muy entusiasmados y agradecidos con esta oportunidad que tiene como fin hermanar nuestros pueblos y crear sinergias. Fortalecer la agenda pol\u00edtica, econ\u00f3mica y cultural entre Oaxaca y Estados Unidos resultar\u00e1 en mejores oportunidades de desarrollo para las y los oaxaque\u00f1os\u201d, se\u00f1al\u00f3 el gobernador Alejandro Murat ante el anuncio que, al respecto, realiz\u00f3 ayer el embajador de M\u00e9xico en Estados Unidos, Esteban Moctezuma Barrag\u00e1n.<\/p>\n\n\n\n<p>El programa tambi\u00e9n incluir\u00e1 la participaci\u00f3n de empresarias oaxaque\u00f1os a trav\u00e9s de presentaci\u00f3n de proyectos de inversi\u00f3n, catas de mezcal, demostraciones de distintos m\u00e9todos de extracci\u00f3n de caf\u00e9, pl\u00e1ticas con artesanos creadores de textiles, chocolate, seda de San Pedro Cajonos, entre otros productos tradicionales, con lo que se busca atraer inversiones y la apertura de nuevos canales de comercializaci\u00f3n para los productos de la entidad.<\/p>\n\n\n\n<p>Asimismo, se realizar\u00e1n encuentros con empresas estadounidenses y asociaciones de gran relevancia como el Atlantic Council y la US Chamber of Commerce para delinear estrategias de inversi\u00f3n que favorezcan el crecimiento sostenible de la entidad y la generaci\u00f3n de m\u00e1s y mejores empleos en el estado.<\/p>\n\n\n\n<p>Adem\u00e1s, uno de los momentos m\u00e1s importantes de este encuentro ser\u00e1 la presentaci\u00f3n del programa del Gobierno de Oaxaca conocido como \u201cGuelaguetza familiar\u201d, que facilita la reunificaci\u00f3n de migrantes con sus padres, madres o abuelos que se quedaron en M\u00e9xico y a quienes no han visto en m\u00e1s de 20 a\u00f1os.<\/p>\n\n\n\n<p>Al informar que el Instituto Cultural Mexicano ser\u00e1 la sede principal de este evento que busca fortalecer los v\u00ednculos culturales entre la sociedad oaxaque\u00f1a y la estadounidense, Murat Hinojosa inform\u00f3 que ah\u00ed se instalar\u00e1 \u201cun altar de muertos como lo hacen en nuestros pueblos, para compartir con las personas de Estados Unidos que muestran un gran inter\u00e9s por esta tradici\u00f3n, y puedan conocer el verdadero sentido de la celebraci\u00f3n\u201d.<\/p>\n\n\n\n<p>En este marco de hermandad y colaboraci\u00f3n, el gobernador tambi\u00e9n inform\u00f3 que el 22 de octubre se instalar\u00e1n dos alebrijes gigantes de San Mart\u00edn Tilcajete, en el Rockefeller Center de Manhatan, Nueva York, lo que constituir\u00e1 un hito en la historia del arte popular mexicano por la gran relevancia internacional que tiene este espacio<\/p>\n\n\n\n<p>\u201cEstamos muy orgullosos de lograr este espacio en los Estados Unidos, el principal socio comercial de M\u00e9xico. Desde la llegada del Embajador Moctezuma somos la primera entidad de M\u00e9xico en contar este tipo de espacio para la promoci\u00f3n y vinculaci\u00f3n. As\u00ed cumplimos con el compromiso de llevar m\u00e1s de Oaxaca al resto del mundo, y m\u00e1s del mundo a nuestro querido Oaxaca, algo que hemos fomentado con gran entusiasmo desde el principio de mi administraci\u00f3n\u201d, enfatiz\u00f3 el gobernador.<\/p>\n","protected":false},"excerpt":{"rendered":"<p>Redacci\u00f3n\/Zona Roja. Oaxaca de Ju\u00e1rez, Oax., 13 de octubre de 2021.- M\u00e9xico y Estados Unidos&hellip;<\/p>\n","protected":false},"author":2,"featured_media":33100,"comment_status":"closed","ping_status":"open","sticky":false,"template":"","format":"standard","meta":{"_lmt_disableupdate":"","_lmt_disable":"","_jetpack_memberships_contains_paid_content":false,"footnotes":""},"categories":[109,46],"tags":[173],"class_list":["post-33101","post","type-post","status-publish","format-standard","has-post-thumbnail","hentry","category-minuto-a-minuto","category-zona-blanca","tag-alejandro-murat-hinojosa"],"jetpack_featured_media_url":"https:\/\/zonaroja.com.mx\/wp-content\/uploads\/2021\/10\/Alejandro-Murat-Esteban-Moctezuma.jpg","jetpack_sharing_enabled":true,"_links":{"self":[{"href":"https:\/\/zonaroja.com.mx\/index.php?rest_route=\/wp\/v2\/posts\/33101","targetHints":{"allow":["GET"]}}],"collection":[{"href":"https:\/\/zonaroja.com.mx\/index.php?rest_route=\/wp\/v2\/posts"}],"about":[{"href":"https:\/\/zonaroja.com.mx\/index.php?rest_route=\/wp\/v2\/types\/post"}],"author":[{"embeddable":true,"href":"https:\/\/zonaroja.com.mx\/index.php?rest_route=\/wp\/v2\/users\/2"}],"replies":[{"embeddable":true,"href":"https:\/\/zonaroja.com.mx\/index.php?rest_route=%2Fwp%2Fv2%2Fcomments&post=33101"}],"version-history":[{"count":1,"href":"https:\/\/zonaroja.com.mx\/index.php?rest_route=\/wp\/v2\/posts\/33101\/revisions"}],"predecessor-version":[{"id":33102,"href":"https:\/\/zonaroja.com.mx\/index.php?rest_route=\/wp\/v2\/posts\/33101\/revisions\/33102"}],"wp:featuredmedia":[{"embeddable":true,"href":"https:\/\/zonaroja.com.mx\/index.php?rest_route=\/wp\/v2\/media\/33100"}],"wp:attachment":[{"href":"https:\/\/zonaroja.com.mx\/index.php?rest_route=%2Fwp%2Fv2%2Fmedia&parent=33101"}],"wp:term":[{"taxonomy":"category","embeddable":true,"href":"https:\/\/zonaroja.com.mx\/index.php?rest_route=%2Fwp%2Fv2%2Fcategories&post=33101"},{"taxonomy":"post_tag","embeddable":true,"href":"https:\/\/zonaroja.com.mx\/index.php?rest_route=%2Fwp%2Fv2%2Ftags&post=33101"}],"curies":[{"name":"wp","href":"https:\/\/api.w.org\/{rel}","templated":true}]}}