{"id":33103,"date":"2021-10-13T08:04:13","date_gmt":"2021-10-13T13:04:13","guid":{"rendered":"http:\/\/www.zonaroja.com.mx\/?p=33103"},"modified":"2021-10-13T08:04:16","modified_gmt":"2021-10-13T13:04:16","slug":"convoca-poder-judicial-a-profesionistas-para-fungir-como-peritos-externos","status":"publish","type":"post","link":"https:\/\/zonaroja.com.mx\/?p=33103","title":{"rendered":"Convoca Poder Judicial a profesionistas para fungir como peritos externos"},"content":{"rendered":"\n<p>Redacci\u00f3n\/Zona Roja.<\/p>\n\n\n\n<p>Oaxaca de Ju\u00e1rez, Oax., 13 de octubre de 2021.- El Consejo de la Judicatura del Poder Judicial de Oaxaca emiti\u00f3 una convocatoria para integrar la lista de personas autorizadas que fungir\u00e1n como peritos externos durante el a\u00f1o 2022, en la que pueden participar profesionistas capacitados en la formulaci\u00f3n de dict\u00e1menes en 49 diferentes \u00e1reas de la ciencia, t\u00e9cnica, arte u oficio, necesarias para el auxilio de la impartici\u00f3n de justicia y la resoluci\u00f3n de procedimientos judiciales.<\/p>\n\n\n\n<p>La fecha l\u00edmite para la entrega de las solicitudes y documentaci\u00f3n de los profesionistas interesados en brindar este servicio es el 22 de octubre de 2021 y son recibidas en las instalaciones del Consejo ubicadas en Sabinos n\u00famero 106, de la Colonia Reforma y en la sede del Poder Judicial, en Reyes Mantec\u00f3n.<\/p>\n\n\n\n<p>La convocatoria est\u00e1 dirigida a especialistas en Biolog\u00eda y gen\u00e9tica molecular (ADN); Trabajo social; antropolog\u00eda; Criminal\u00edstica; Mec\u00e1nica de hechos; Aval\u00faos; Medicina con especialidad en Traumatolog\u00eda, Otorrinolaringolog\u00eda, Oftalmolog\u00eda, Psiquiatr\u00eda, Ginecolog\u00eda, Neurolog\u00eda, Neurocirug\u00eda y Proctolog\u00eda; Medicina legal forense; medicina con conocimientos en el Protocolo de Estambul; psicolog\u00eda; psicolog\u00eda con especialidad en temas de la ni\u00f1ez y odontolog\u00eda.<\/p>\n\n\n\n<p>Tambi\u00e9n, Fotograf\u00eda, Documentoscop\u00eda; Grafoscop\u00eda; Grafolog\u00eda; Antropometr\u00eda; ergonometr\u00eda; audio video; Lenguas y Se\u00f1as mexicanas (traductor de sordos y mudos), Int\u00e9rpretes\/Traductores en lenguas maternas o ind\u00edgenas, Traducci\u00f3n de Ingl\u00e9s, Chino e Italiano; Qu\u00edmico, Tintas; Caligraf\u00eda; Grafometr\u00eda; Topograf\u00eda, agrimensura; Tr\u00e1nsito terrestre; Contabilidad; Planimetr\u00eda; Dactiloscop\u00eda; Bal\u00edstica forense; Fonometr\u00eda; Ingenier\u00eda civil; Arquitectura; Inform\u00e1tica; Mec\u00e1nica Automotriz y Retrato hablado.<\/p>\n\n\n\n<p>De acuerdo con la convocatoria pueden participar profesionistas de 30 a\u00f1os de edad en adelante y un m\u00ednimo de cinco a\u00f1os de experiencia, que cuenten con c\u00e9dula profesional con efectos de patente para el ejercicio correspondiente por parte de la Direcci\u00f3n General de Profesiones de la Secretar\u00eda de Educaci\u00f3n P\u00fablica (SEP), o del documento que avale sus conocimientos; adem\u00e1s de acreditar en entrevista ante un jurado, su pericia, actualizaci\u00f3n y dominio del tema, entre otros requisitos.<\/p>\n\n\n\n<p>Las bases de la convocatoria pueden ser consultadas en la p\u00e1gina web del Poder Judicial www.tribunaloax.gob.mx, donde tambi\u00e9n se encuentran disponibles los formatos de solicitud.<\/p>\n","protected":false},"excerpt":{"rendered":"<p>Redacci\u00f3n\/Zona Roja. Oaxaca de Ju\u00e1rez, Oax., 13 de octubre de 2021.- El Consejo de la&hellip;<\/p>\n","protected":false},"author":2,"featured_media":33098,"comment_status":"closed","ping_status":"open","sticky":false,"template":"","format":"standard","meta":{"_lmt_disableupdate":"","_lmt_disable":"","_jetpack_memberships_contains_paid_content":false,"footnotes":""},"categories":[109,46],"tags":[223],"class_list":["post-33103","post","type-post","status-publish","format-standard","has-post-thumbnail","hentry","category-minuto-a-minuto","category-zona-blanca","tag-poder-judicial-de-oaxaca"],"jetpack_featured_media_url":"https:\/\/zonaroja.com.mx\/wp-content\/uploads\/2021\/10\/Abre-Poder-Judicial-convocatoria-para-peritos-externos.jpg","jetpack_sharing_enabled":true,"_links":{"self":[{"href":"https:\/\/zonaroja.com.mx\/index.php?rest_route=\/wp\/v2\/posts\/33103","targetHints":{"allow":["GET"]}}],"collection":[{"href":"https:\/\/zonaroja.com.mx\/index.php?rest_route=\/wp\/v2\/posts"}],"about":[{"href":"https:\/\/zonaroja.com.mx\/index.php?rest_route=\/wp\/v2\/types\/post"}],"author":[{"embeddable":true,"href":"https:\/\/zonaroja.com.mx\/index.php?rest_route=\/wp\/v2\/users\/2"}],"replies":[{"embeddable":true,"href":"https:\/\/zonaroja.com.mx\/index.php?rest_route=%2Fwp%2Fv2%2Fcomments&post=33103"}],"version-history":[{"count":1,"href":"https:\/\/zonaroja.com.mx\/index.php?rest_route=\/wp\/v2\/posts\/33103\/revisions"}],"predecessor-version":[{"id":33104,"href":"https:\/\/zonaroja.com.mx\/index.php?rest_route=\/wp\/v2\/posts\/33103\/revisions\/33104"}],"wp:featuredmedia":[{"embeddable":true,"href":"https:\/\/zonaroja.com.mx\/index.php?rest_route=\/wp\/v2\/media\/33098"}],"wp:attachment":[{"href":"https:\/\/zonaroja.com.mx\/index.php?rest_route=%2Fwp%2Fv2%2Fmedia&parent=33103"}],"wp:term":[{"taxonomy":"category","embeddable":true,"href":"https:\/\/zonaroja.com.mx\/index.php?rest_route=%2Fwp%2Fv2%2Fcategories&post=33103"},{"taxonomy":"post_tag","embeddable":true,"href":"https:\/\/zonaroja.com.mx\/index.php?rest_route=%2Fwp%2Fv2%2Ftags&post=33103"}],"curies":[{"name":"wp","href":"https:\/\/api.w.org\/{rel}","templated":true}]}}