{"id":33112,"date":"2021-10-13T08:43:18","date_gmt":"2021-10-13T13:43:18","guid":{"rendered":"http:\/\/www.zonaroja.com.mx\/?p=33112"},"modified":"2021-10-13T08:43:22","modified_gmt":"2021-10-13T13:43:22","slug":"opinion-politica-de-la-abulia","status":"publish","type":"post","link":"https:\/\/zonaroja.com.mx\/?p=33112","title":{"rendered":"Opini\u00f3n. Pol\u00edtica de la abulia"},"content":{"rendered":"\n<p>Gibr\u00e1n Ram\u00edrez Reyes*<\/p>\n\n\n\n<p>Seg\u00fan un reporte publicado en \u201cThe Lancet\u201d el 8 de octubre, la prevalencia de depresi\u00f3n y ansiedad aument\u00f3 m\u00e1s de 25 por ciento durante el primer a\u00f1o de pandemia.<\/p>\n\n\n\n<p>Las causas podr\u00edan ser biol\u00f3gicas &#8211;por las implicaciones de covid-19 para el sistema nervioso&#8211;, sociales &#8211;por el encierro que pudimos procurarnos las clases medias&#8211;, o, como suele suceder, una conjunci\u00f3n de estos elementos.<\/p>\n\n\n\n<p>Los usos pol\u00edticos de la abulia han cambiado las din\u00e1micas sociales y pol\u00edticas alrededor del mundo. Construir la nueva normalidad sobre esa base ser\u00e1 un reto en las sociedades que cultivaron el pluralismo &#8211;un reto mayor al que tienen pa\u00edses menos pluralistas como China&#8211;.<\/p>\n\n\n\n<p>La abulia tom\u00f3 forma pol\u00edtica en el rechazo de gran parte del magisterio de educaci\u00f3n b\u00e1sica para volver a las aulas y la dilaci\u00f3n generada por una serie de malentendidos entre la SEP y el profesorado, pero tambi\u00e9n por muchos pretextos, como la duda sobre la efectividad de las vacunas o la profec\u00eda catastr\u00f3fica de un contagio masivo de infantes con pron\u00f3stico reservado.<\/p>\n\n\n\n<p>Pudo verse, asimismo, en las universidades a las que la pandemia cay\u00f3 de perlas para esconder graves crisis institucionales, los subejercicios &#8211;o, en otros casos, los robos de las mafias universitarias, la falta de preparaci\u00f3n para la transici\u00f3n a un modelo h\u00edbrido de ense\u00f1anza, y a veces la pr\u00e1ctica suspensi\u00f3n de sus funciones con el acuerdo pasivo del estudiantado.<\/p>\n\n\n\n<p>La abulia explica tambi\u00e9n en parte la falta de movilizaci\u00f3n y protesta contra el autoritarismo de las dirigencias de los principales partidos del pa\u00eds.<\/p>\n\n\n\n<p>En Morena, la fiesta del autoritarismo ha incluido nombrar a dedo y por fuera de los estatutos a integrantes del Comit\u00e9 Ejecutivo Nacional y a dirigentes estatales, pero sin los sillazos y golpes que eso habr\u00eda generado en el PRD.<\/p>\n\n\n\n<p>En el PAN, que se precia de democr\u00e1tico, se impuso la reelecci\u00f3n de Marko Cort\u00e9s sin los aspavientos de decencia que hace tiempo no brotan en ese partido. Pero no solo en el sector p\u00fablico se cuecen las habas.<\/p>\n\n\n\n<p>Encuestas y estudios han insinuado que el trabajo en casa lleg\u00f3 para quedarse: los empleadores consideran que los trabajadores tienen mejor productividad, los directores financieros encontrar\u00e1n que las empresas ahorran insumos, y los de recursos humanos que se evitan acciones colectivas que antes hab\u00eda que prevenir o reprimir m\u00e1s activamente. Si el encierro se eterniza para una parte de la sociedad &#8211;no para los trabajadores manuales, desde luego&#8211;, si la depresi\u00f3n y la ansiedad siguen aumentando su prevalencia con una velocidad similar, una vez que se ha considerado como v\u00e1lidas las sustituciones virtuales de la escuela y el trabajo, algunos derechos ser\u00e1n repensados indudablemente.<\/p>\n\n\n\n<p>\u00bfLa jornada de trabajo se marcar\u00e1 por el derecho a la desconexi\u00f3n o los horarios laborales se volver\u00e1n l\u00edquidos y aut\u00f3nomos como en el caso de los trabajadores precarizados de Rappi y Uber?, \u00bfen las luchas laborales de la clase media el derecho al libre tr\u00e1nsito tender\u00e1 a incluir el derecho al libre encierro, al teletrabajo?, \u00bflos profesores ser\u00e1n sustituidos por facilitadores de supuesto aprendizaje autogestionado?, \u00bfel trabajo y la escuela dejar\u00e1n de ser las principales instituciones de socializaci\u00f3n?&nbsp;<\/p>\n\n\n\n<p>*Doctor en ciencia pol\u00edtica por la UNAM<\/p>\n","protected":false},"excerpt":{"rendered":"<p>Gibr\u00e1n Ram\u00edrez Reyes* Seg\u00fan un reporte publicado en \u201cThe Lancet\u201d el 8 de octubre, la&hellip;<\/p>\n","protected":false},"author":2,"featured_media":24099,"comment_status":"closed","ping_status":"open","sticky":false,"template":"","format":"standard","meta":{"_lmt_disableupdate":"","_lmt_disable":"","_jetpack_memberships_contains_paid_content":false,"footnotes":""},"categories":[456,109],"tags":[2489],"class_list":["post-33112","post","type-post","status-publish","format-standard","has-post-thumbnail","hentry","category-columna","category-minuto-a-minuto","tag-gibran-ramirez-reyes"],"jetpack_featured_media_url":"https:\/\/zonaroja.com.mx\/wp-content\/uploads\/2021\/02\/Gibran-Ramirez-Reyes.jpg","jetpack_sharing_enabled":true,"_links":{"self":[{"href":"https:\/\/zonaroja.com.mx\/index.php?rest_route=\/wp\/v2\/posts\/33112","targetHints":{"allow":["GET"]}}],"collection":[{"href":"https:\/\/zonaroja.com.mx\/index.php?rest_route=\/wp\/v2\/posts"}],"about":[{"href":"https:\/\/zonaroja.com.mx\/index.php?rest_route=\/wp\/v2\/types\/post"}],"author":[{"embeddable":true,"href":"https:\/\/zonaroja.com.mx\/index.php?rest_route=\/wp\/v2\/users\/2"}],"replies":[{"embeddable":true,"href":"https:\/\/zonaroja.com.mx\/index.php?rest_route=%2Fwp%2Fv2%2Fcomments&post=33112"}],"version-history":[{"count":1,"href":"https:\/\/zonaroja.com.mx\/index.php?rest_route=\/wp\/v2\/posts\/33112\/revisions"}],"predecessor-version":[{"id":33113,"href":"https:\/\/zonaroja.com.mx\/index.php?rest_route=\/wp\/v2\/posts\/33112\/revisions\/33113"}],"wp:featuredmedia":[{"embeddable":true,"href":"https:\/\/zonaroja.com.mx\/index.php?rest_route=\/wp\/v2\/media\/24099"}],"wp:attachment":[{"href":"https:\/\/zonaroja.com.mx\/index.php?rest_route=%2Fwp%2Fv2%2Fmedia&parent=33112"}],"wp:term":[{"taxonomy":"category","embeddable":true,"href":"https:\/\/zonaroja.com.mx\/index.php?rest_route=%2Fwp%2Fv2%2Fcategories&post=33112"},{"taxonomy":"post_tag","embeddable":true,"href":"https:\/\/zonaroja.com.mx\/index.php?rest_route=%2Fwp%2Fv2%2Ftags&post=33112"}],"curies":[{"name":"wp","href":"https:\/\/api.w.org\/{rel}","templated":true}]}}