{"id":33119,"date":"2021-10-13T15:55:44","date_gmt":"2021-10-13T20:55:44","guid":{"rendered":"http:\/\/www.zonaroja.com.mx\/?p=33119"},"modified":"2021-10-13T15:55:47","modified_gmt":"2021-10-13T20:55:47","slug":"senadora-de-morena-denuncia-violencia-politica-en-razon-de-genero","status":"publish","type":"post","link":"https:\/\/zonaroja.com.mx\/?p=33119","title":{"rendered":"Senadora de Morena denuncia violencia pol\u00edtica en raz\u00f3n de g\u00e9nero"},"content":{"rendered":"\n<p>Evlin Arag\u00f3n\/Zona Roja.<\/p>\n\n\n\n<p>Oaxaca de Ju\u00e1rez, Oax., 13 de octubre de 2021.- Tras una serie de ataques digitales de la que ha sido objeto en las \u00faltimas semanas, la senadora por Morena, Susana Harp Iturribarr\u00eda, denunci\u00f3 que es v\u00edctima de violencia pol\u00edtica en raz\u00f3n de g\u00e9nero derivado al anunci\u00f3 que hizo sobre sus aspiraciones pol\u00edticas rumbo a la gubernatura de Oaxaca.<\/p>\n\n\n\n<p>\u201cEsto es violencia pol\u00edtica contra las mujeres, contra m\u00ed y contra cualquiera de mis compa\u00f1eras. No se vale\u201d, dijo la representante popular a trav\u00e9s de su cuenta de Twitter, donde subi\u00f3 un video para hacer la denuncia.&nbsp;<\/p>\n\n\n\n<p>Explic\u00f3 que a trav\u00e9s de las distintas redes sociales se difunde un video editado a modo para afectarla con im\u00e1genes y declaraciones que verti\u00f3 en el 2018 en el programa \u201cTragaluz\u201d que transmite \u201cMilenio Televisi\u00f3n\u201d, emisi\u00f3n que dijo tiene una duraci\u00f3n de 15 minutos y puede ser consultada en internet.&nbsp;<\/p>\n\n\n\n<p>\u201cNo nos preocupemos, es un video editado a modo por supuesto, sacado de contexto. Lo sacan de un programa en el que me invitaron en el 2018, se llama \u2018Tragaluz\u2019 y lo pueden escuchar completo dura 15 minutos y lo encuentran YouTube\u00bb, se\u00f1al\u00f3.<\/p>\n\n\n\n<p>Susana Harp lament\u00f3 que posterior a su tercer informe de actividades legislativas, mismo d\u00eda en el que reconoci\u00f3 sus aspiraciones pol\u00edticas, haya iniciado en las redes sociales una serie de agresiones en su contra, que sin duda constituyen violencia de g\u00e9nero.&nbsp;<\/p>\n\n\n\n<p>\u201cEs impactante para mi ver como a partir de la noche del 24 de septiembre pasado, d\u00eda en el que presente mi tercer informe legislativo, exactamente en ese momento empezaron una serie de agresiones constantes de mentiras y calumnias\u201d, manifest\u00f3. &nbsp;<\/p>\n\n\n\n<p>Finalmente, la senadora &#8211;quien se encuentra arriba en las encuestas de preferencia por el partido Morena&#8211;, indic\u00f3 que responder\u00e1 a las cr\u00edticas con trabajo, como siempre lo ha hecho, y con el compromiso de seguir abonando en los beneficios para la poblaci\u00f3n oaxaque\u00f1a.&nbsp;<\/p>\n\n\n\n<p>\u201cYo seguir\u00e9 respondiendo de la \u00fanica manera en la que lo s\u00e9 hacer que es trabajando y trabajando muy contenta por nuestra tierra. En Oaxaca nos conocemos todas y todos as\u00ed que no hay que temer. Vamos a seguir haciendo lo propio con nuestro trabajo y con palabrer\u00edas. Y s\u00ed aqu\u00ed estoy y aqu\u00ed estar\u00e9\u201d, sentenci\u00f3.&nbsp;<\/p>\n\n\n\n<p>Ante dicha denuncia personajes de la pol\u00edtica oaxaque\u00f1a como Flavio Sosa manifestaron su respaldo a la senadora, as\u00ed como tambi\u00e9n la diputada local Magaly L\u00f3pez Dom\u00ednguez; el diputado local electo, C\u00e9sar Mateos Ben\u00edtez, entre otros.<\/p>\n\n\n\n<p>Fue el pasado 23 de septiembre que, en el marco de su tercer informe de actividades y ante la presencia del coordinador de la bancada en el Senado, Ricardo Monreal, Susana Harp reconoci\u00f3 sus aspiraciones pol\u00edticas y asegur\u00f3 que en cuanto los tiempos electorales lo permita se registrar\u00e1 como aspirante a la gubernatura de Oaxaca.&nbsp;<\/p>\n","protected":false},"excerpt":{"rendered":"<p>Evlin Arag\u00f3n\/Zona Roja. Oaxaca de Ju\u00e1rez, Oax., 13 de octubre de 2021.- Tras una serie&hellip;<\/p>\n","protected":false},"author":2,"featured_media":33121,"comment_status":"closed","ping_status":"open","sticky":false,"template":"","format":"standard","meta":{"_lmt_disableupdate":"","_lmt_disable":"","_jetpack_memberships_contains_paid_content":false,"footnotes":""},"categories":[109,47],"tags":[1685],"class_list":["post-33119","post","type-post","status-publish","format-standard","has-post-thumbnail","hentry","category-minuto-a-minuto","category-zona-gris","tag-susana-harp-iturribarria"],"jetpack_featured_media_url":"https:\/\/zonaroja.com.mx\/wp-content\/uploads\/2021\/10\/Susana-Harp-Iturribarria.jpg","jetpack_sharing_enabled":true,"_links":{"self":[{"href":"https:\/\/zonaroja.com.mx\/index.php?rest_route=\/wp\/v2\/posts\/33119","targetHints":{"allow":["GET"]}}],"collection":[{"href":"https:\/\/zonaroja.com.mx\/index.php?rest_route=\/wp\/v2\/posts"}],"about":[{"href":"https:\/\/zonaroja.com.mx\/index.php?rest_route=\/wp\/v2\/types\/post"}],"author":[{"embeddable":true,"href":"https:\/\/zonaroja.com.mx\/index.php?rest_route=\/wp\/v2\/users\/2"}],"replies":[{"embeddable":true,"href":"https:\/\/zonaroja.com.mx\/index.php?rest_route=%2Fwp%2Fv2%2Fcomments&post=33119"}],"version-history":[{"count":1,"href":"https:\/\/zonaroja.com.mx\/index.php?rest_route=\/wp\/v2\/posts\/33119\/revisions"}],"predecessor-version":[{"id":33122,"href":"https:\/\/zonaroja.com.mx\/index.php?rest_route=\/wp\/v2\/posts\/33119\/revisions\/33122"}],"wp:featuredmedia":[{"embeddable":true,"href":"https:\/\/zonaroja.com.mx\/index.php?rest_route=\/wp\/v2\/media\/33121"}],"wp:attachment":[{"href":"https:\/\/zonaroja.com.mx\/index.php?rest_route=%2Fwp%2Fv2%2Fmedia&parent=33119"}],"wp:term":[{"taxonomy":"category","embeddable":true,"href":"https:\/\/zonaroja.com.mx\/index.php?rest_route=%2Fwp%2Fv2%2Fcategories&post=33119"},{"taxonomy":"post_tag","embeddable":true,"href":"https:\/\/zonaroja.com.mx\/index.php?rest_route=%2Fwp%2Fv2%2Ftags&post=33119"}],"curies":[{"name":"wp","href":"https:\/\/api.w.org\/{rel}","templated":true}]}}