{"id":3312,"date":"2019-08-23T07:41:41","date_gmt":"2019-08-23T12:41:41","guid":{"rendered":"http:\/\/www.zonaroja.com.mx\/?p=3312"},"modified":"2019-08-23T07:46:39","modified_gmt":"2019-08-23T12:46:39","slug":"regana-amlo-a-su-secretaria-de-gobernacion-por-dialogar-con-autodefensas","status":"publish","type":"post","link":"https:\/\/zonaroja.com.mx\/?p=3312","title":{"rendered":"Rega\u00f1a AMLO a su secretaria de Gobernaci\u00f3n por dialogar con autodefensas"},"content":{"rendered":"\n<p>Redacci\u00f3n\/Zona\nRoja Cdmx. <\/p>\n\n\n\n<p>Ciudad de\nM\u00e9xico, 23 de agosto de 2019.- El Presidente de M\u00e9xico, Andr\u00e9s Manuel L\u00f3pez\nObrador, rega\u00f1\u00f3 a su secretaria de Gobernaci\u00f3n, Olga S\u00e1nchez Cordero, por\ndialogar con grupos armados conocidos como \u201cautodefensas\u201d e insinuar que\ntambi\u00e9n con grupos del crimen armado.<\/p>\n\n\n\n<p>Ayer,\nexpres\u00f3 su desacuerdo con esa iniciativa de la Secretar\u00eda de Gobernaci\u00f3n; no\nobstante, reconoci\u00f3 que su subsecretario de Gobernaci\u00f3n, Ricardo Peralta,\nvisit\u00f3 el municipio michoacano de La Huacana a pesar de que en las reuniones de\nseguridad se le ha pedido que se ajuste a lo que establecen la Constituci\u00f3n y\nlas leyes.<\/p>\n\n\n\n<p>Precis\u00f3 que\nlas autodefensas no est\u00e1n dentro del marco constitucional, y reiter\u00f3 que la\nformaci\u00f3n de esos grupos civiles armados no fue conveniente, fue un error\npromoverlos y, en la mayor\u00eda de los casos, fueron auspiciados por el mismo\ngobierno.<\/p>\n\n\n\n<p>Cabe\nrecordar que el pasado martes, la titular de Gobernaci\u00f3n, Olga S\u00e1nchez, dio a\nconocer que di\u00e1logo con grupos armados; no obstante, ayer el Presidente de\nM\u00e9xico dijo que las autodefensas no est\u00e1n en la Constituci\u00f3n y su operaci\u00f3n no\ntiene que ver con un aut\u00e9ntico estado de derecho.<\/p>\n\n\n\n<p>Sostuvo que\nes el Estado mexicano el que debe garantizar la seguridad de los ciudadanos y,\npor tanto, no puede haber grupos ilegales haciendo funciones de seguridad\np\u00fablica.<\/p>\n\n\n\n<p>Afirm\u00f3 que\nno se permitir\u00e1 su operaci\u00f3n, porque ello demostrar\u00eda la incapacidad del Estado\npara atender la demanda de seguridad y que \u00e9sta se garantice a todos los\nciudadanos. <\/p>\n\n\n\n<p>Es un\nincumplimiento al deber del Estado y nosotros no vamos a incumplir con nuestras\nresponsabilidades legales. Entonces, no vamos a fomentar esas actividades,\ninsisti\u00f3.<\/p>\n\n\n\n<p>\u2013\u00bfCu\u00e1l es\nentonces el programa que llev\u00f3 a cabo el subsecretario de Gobernaci\u00f3n? \u2013se le\npregunt\u00f3.<\/p>\n\n\n\n<p>\u2013\u00c9l tom\u00f3\nesta decisi\u00f3n porque lo invitaron a participar. Ya se habl\u00f3 de este asunto en\nel gabinete de seguridad y se le ha pedido que se ajuste a lo que establecen la\nConstituci\u00f3n y las leyes.<\/p>\n\n\n\n<p>\u2013Entonces,\n\u00bfno est\u00e1 de acuerdo con ello?<\/p>\n\n\n\n<p>\u2013No estoy de\nacuerdo.<\/p>\n\n\n\n<p>\u2013No lo\navala.<\/p>\n\n\n\n<p>\u2013No.<\/p>\n","protected":false},"excerpt":{"rendered":"<p>Redacci\u00f3n\/Zona Roja Cdmx. Ciudad de M\u00e9xico, 23 de agosto de 2019.- El Presidente de M\u00e9xico,&hellip;<\/p>\n","protected":false},"author":2,"featured_media":3313,"comment_status":"closed","ping_status":"open","sticky":false,"template":"","format":"standard","meta":{"_lmt_disableupdate":"","_lmt_disable":"","_jetpack_memberships_contains_paid_content":false,"footnotes":""},"categories":[109,47],"tags":[143,602],"class_list":["post-3312","post","type-post","status-publish","format-standard","has-post-thumbnail","hentry","category-minuto-a-minuto","category-zona-gris","tag-andres-manuel-lopez-obrador","tag-autodefensas"],"jetpack_featured_media_url":"https:\/\/zonaroja.com.mx\/wp-content\/uploads\/2019\/08\/Autodefensas.jpg","jetpack_sharing_enabled":true,"_links":{"self":[{"href":"https:\/\/zonaroja.com.mx\/index.php?rest_route=\/wp\/v2\/posts\/3312","targetHints":{"allow":["GET"]}}],"collection":[{"href":"https:\/\/zonaroja.com.mx\/index.php?rest_route=\/wp\/v2\/posts"}],"about":[{"href":"https:\/\/zonaroja.com.mx\/index.php?rest_route=\/wp\/v2\/types\/post"}],"author":[{"embeddable":true,"href":"https:\/\/zonaroja.com.mx\/index.php?rest_route=\/wp\/v2\/users\/2"}],"replies":[{"embeddable":true,"href":"https:\/\/zonaroja.com.mx\/index.php?rest_route=%2Fwp%2Fv2%2Fcomments&post=3312"}],"version-history":[{"count":3,"href":"https:\/\/zonaroja.com.mx\/index.php?rest_route=\/wp\/v2\/posts\/3312\/revisions"}],"predecessor-version":[{"id":3317,"href":"https:\/\/zonaroja.com.mx\/index.php?rest_route=\/wp\/v2\/posts\/3312\/revisions\/3317"}],"wp:featuredmedia":[{"embeddable":true,"href":"https:\/\/zonaroja.com.mx\/index.php?rest_route=\/wp\/v2\/media\/3313"}],"wp:attachment":[{"href":"https:\/\/zonaroja.com.mx\/index.php?rest_route=%2Fwp%2Fv2%2Fmedia&parent=3312"}],"wp:term":[{"taxonomy":"category","embeddable":true,"href":"https:\/\/zonaroja.com.mx\/index.php?rest_route=%2Fwp%2Fv2%2Fcategories&post=3312"},{"taxonomy":"post_tag","embeddable":true,"href":"https:\/\/zonaroja.com.mx\/index.php?rest_route=%2Fwp%2Fv2%2Ftags&post=3312"}],"curies":[{"name":"wp","href":"https:\/\/api.w.org\/{rel}","templated":true}]}}