{"id":33123,"date":"2021-10-13T16:00:19","date_gmt":"2021-10-13T21:00:19","guid":{"rendered":"http:\/\/www.zonaroja.com.mx\/?p=33123"},"modified":"2021-10-13T16:00:22","modified_gmt":"2021-10-13T21:00:22","slug":"violencia-en-la-central-de-abasto-edil-morenista-ordena-uso-de-la-fuerza-publica","status":"publish","type":"post","link":"https:\/\/zonaroja.com.mx\/?p=33123","title":{"rendered":"Violencia en la Central de Abasto: edil morenista ordena uso de la fuerza p\u00fablica"},"content":{"rendered":"\n<p>Evlin Arag\u00f3n\/Zona Roja.<\/p>\n\n\n\n<p>Oaxaca de Ju\u00e1rez, Oax., 13 de octubre de 2021.- Comerciantes de la Central de Abasto se enfrentaron con elementos de seguridad del municipio de Oaxaca de Ju\u00e1rez, luego de que estos \u00faltimos arribaran al lugar para disuadir la protesta que se instal\u00f3 en el estacionamiento \u201cMargarita Maza de Ju\u00e1rez\u201d desde temprana hora de este mi\u00e9rcoles.&nbsp;<\/p>\n\n\n\n<p>Durante un par de horas se vivieron momentos de tensi\u00f3n en la zona comercial m\u00e1s importante de la capital oaxaque\u00f1a, luego de que el edil morenista Oswaldo Garc\u00eda Jarqu\u00edn instruyera el uso de la fuerza p\u00fablica para dar fin a la manifestaci\u00f3n en su contra.&nbsp;<\/p>\n\n\n\n<p>Gases lacrim\u00f3genos, empujones, jaloneos, golpes, gritos, incluso huevazos, todo qued\u00f3 registrado en fotos y videos que r\u00e1pidamente se difundieron en las redes sociales, mediante las cuales se cuestion\u00f3 el actuar de la autoridad municipal, misma que muchas personas aseguran ha quedado rebasada en las diferentes problem\u00e1ticas sociales que padece la ciudad.<\/p>\n\n\n\n<p>Prueba de ello las constantes manifestaciones en contra del edil a las que sumaron comerciantes azuzados por el exdiputado por el PRD, Hugo Jarqu\u00edn, quienes tomaron las instalaciones del estacionamiento de la zona, ello previo a la visita que ten\u00eda programada el gobernador de Oaxaca, Alejandro Murat Hinojosa.&nbsp;<\/p>\n\n\n\n<p>Ah\u00ed reclamaron la falta de atenci\u00f3n por parte del edil capitalino, a quien han solicitado obras de bacheo y portones nuevos en el tianguis, por lo que decidieron apoderarse de las casetas de cobro y utilizar el recurso que de ah\u00ed emana para la mejora del mercado.<\/p>\n\n\n\n<p>\u201cA los comerciantes del Mercado de Abasto se les informa que, ante el incumplimiento de Oswaldo Garc\u00eda Jarqu\u00edn con obras de bacheo y portones nuevos en el tianguis, tomamos el estacionamiento y los recurso se invertir\u00e1n en el mercado\u201d, se pod\u00eda leer en una enorme lona que colocaron en el lugar para informar sobre su protesta.&nbsp;<\/p>\n\n\n\n<p>Ante la movilizaci\u00f3n, la Polic\u00eda Municipal a cargo de Marcos Fredy Hern\u00e1ndez L\u00f3pez, se hizo presente y se enfrent\u00f3 en dos diferentes momentos con los aguerridos comerciantes; posteriormente estos \u00faltimos lograron el retiro de los elementos y consiguieron una mesa de di\u00e1logo.\u00a0<\/p>\n\n\n\n<figure class=\"wp-block-embed-twitter wp-block-embed is-type-rich is-provider-twitter\"><div class=\"wp-block-embed__wrapper\">\n<div class=\"twitter-tweet\"><blockquote class=\"twitter-tweet\" data-lang=\"es\"><p lang=\"es\" dir=\"ltr\"><a href=\"https:\/\/twitter.com\/hashtag\/%C3%9AltimoMinuto?src=hash&amp;ref_src=twsrc%5Etfw\">#\u00daltimoMinuto<\/a> <br>\u201cC\u00f3mo se usa esta madre\u201d, dice Hugo Jarqu\u00edn, dirigente de un grupo de comerciantes de la Central de Abasto de la capital oaxaque\u00f1a, al presumir como trofeo un escudo policial que quitaron a los uniformados. <a href=\"https:\/\/t.co\/9T5AL7UINW\">pic.twitter.com\/9T5AL7UINW<\/a><\/p>&mdash; Zona Roja Oaxaca (@Zona_Roja_Oax) <a href=\"https:\/\/twitter.com\/Zona_Roja_Oax\/status\/1448331352416292867?ref_src=twsrc%5Etfw\">13 de octubre de 2021<\/a><\/blockquote><\/div>\n<\/div><\/figure>\n\n\n\n<p>Fue el propio encargado de la seguridad municipal quien afirm\u00f3 que una comisi\u00f3n ser\u00eda recibida por la Secretar\u00eda de Gobierno Municipal para entablar el di\u00e1logo, argumento que logr\u00f3 disuadir la protesta, no sin antes reclamar la violencia y los golpes que los uniformados propinaron a los comerciantes.<\/p>\n\n\n\n<p>Previo y posterior al enfrentamiento, hizo presencia el dirigente de comerciantes Hugo Jarqu\u00edn, quien incluso portaba un escudo antimotines que presuntamente recuper\u00f3 y se comprometi\u00f3 a entregar en la reuni\u00f3n que sostendr\u00edan en las oficinas del ayuntamiento capitalino.<\/p>\n\n\n\n<p>Apenas en enero pasado, dirigentes de al menos diez organizaciones se apoderaron de dicho estacionamiento para exigir al edil transparentar los recursos que obtiene el municipio por parte de quienes visitan el lugar.&nbsp;<\/p>\n\n\n\n<p>De acuerdo con los manifestantes previamente hicieron llegar un oficio a la autoridad municipal para solicitar cuentas claras en torno al dinero que reciben por el uso del estacionamiento que la mayor parte del d\u00eda se encuentra lleno de veh\u00edculos y pagan su estancia.&nbsp;&nbsp;<\/p>\n","protected":false},"excerpt":{"rendered":"<p>Evlin Arag\u00f3n\/Zona Roja. Oaxaca de Ju\u00e1rez, Oax., 13 de octubre de 2021.- Comerciantes de la&hellip;<\/p>\n","protected":false},"author":2,"featured_media":33120,"comment_status":"closed","ping_status":"open","sticky":false,"template":"","format":"standard","meta":{"_lmt_disableupdate":"","_lmt_disable":"","_jetpack_memberships_contains_paid_content":false,"footnotes":""},"categories":[109,47],"tags":[2315],"class_list":["post-33123","post","type-post","status-publish","format-standard","has-post-thumbnail","hentry","category-minuto-a-minuto","category-zona-gris","tag-ayuntamiento-de-oaxaca-de-juarez"],"jetpack_featured_media_url":"https:\/\/zonaroja.com.mx\/wp-content\/uploads\/2021\/10\/Policias-municipales-ciudad-de-Oaxaca.jpg","jetpack_sharing_enabled":true,"_links":{"self":[{"href":"https:\/\/zonaroja.com.mx\/index.php?rest_route=\/wp\/v2\/posts\/33123","targetHints":{"allow":["GET"]}}],"collection":[{"href":"https:\/\/zonaroja.com.mx\/index.php?rest_route=\/wp\/v2\/posts"}],"about":[{"href":"https:\/\/zonaroja.com.mx\/index.php?rest_route=\/wp\/v2\/types\/post"}],"author":[{"embeddable":true,"href":"https:\/\/zonaroja.com.mx\/index.php?rest_route=\/wp\/v2\/users\/2"}],"replies":[{"embeddable":true,"href":"https:\/\/zonaroja.com.mx\/index.php?rest_route=%2Fwp%2Fv2%2Fcomments&post=33123"}],"version-history":[{"count":1,"href":"https:\/\/zonaroja.com.mx\/index.php?rest_route=\/wp\/v2\/posts\/33123\/revisions"}],"predecessor-version":[{"id":33124,"href":"https:\/\/zonaroja.com.mx\/index.php?rest_route=\/wp\/v2\/posts\/33123\/revisions\/33124"}],"wp:featuredmedia":[{"embeddable":true,"href":"https:\/\/zonaroja.com.mx\/index.php?rest_route=\/wp\/v2\/media\/33120"}],"wp:attachment":[{"href":"https:\/\/zonaroja.com.mx\/index.php?rest_route=%2Fwp%2Fv2%2Fmedia&parent=33123"}],"wp:term":[{"taxonomy":"category","embeddable":true,"href":"https:\/\/zonaroja.com.mx\/index.php?rest_route=%2Fwp%2Fv2%2Fcategories&post=33123"},{"taxonomy":"post_tag","embeddable":true,"href":"https:\/\/zonaroja.com.mx\/index.php?rest_route=%2Fwp%2Fv2%2Ftags&post=33123"}],"curies":[{"name":"wp","href":"https:\/\/api.w.org\/{rel}","templated":true}]}}