{"id":33125,"date":"2021-10-13T19:34:41","date_gmt":"2021-10-14T00:34:41","guid":{"rendered":"http:\/\/www.zonaroja.com.mx\/?p=33125"},"modified":"2021-10-13T19:34:46","modified_gmt":"2021-10-14T00:34:46","slug":"registra-sexenio-de-lopez-obrador-3-mil-993-secuestros","status":"publish","type":"post","link":"https:\/\/zonaroja.com.mx\/?p=33125","title":{"rendered":"Registra sexenio de L\u00f3pez Obrador 3 mil 993 secuestros"},"content":{"rendered":"\n<p>Redacci\u00f3n\/Zona Roja Cdmx.<\/p>\n\n\n\n<p>Ciudad de M\u00e9xico, 13 de octubre de 2021.- De agosto a septiembre de este a\u00f1o, el n\u00famero de secuestros reportados fue de 90, con un incremento de 9.7% respecto al periodo del a\u00f1o anterior; el n\u00famero de v\u00edctimas es de 162, que se incrementaron en 51.4; y los detenidos fueron 107, es decir, un 20.7% menos.<\/p>\n\n\n\n<p>En el acumulado de la actual administraci\u00f3n, se reportan 3 mil 993 secuestros; 5 mil 234 v\u00edctimas, y 4 mil 585 detenidos, inform\u00f3 hoy la organizaci\u00f3n Alto al Secuestro.<\/p>\n\n\n\n<p>En conferencia de prensa, indic\u00f3 que en los \u00faltimos tres a\u00f1os, Veracruz es la entidad que tiene m\u00e1s casos reportados, con 784 eventos, seguido del Estado de M\u00e9xico (672), Ciudad de M\u00e9xico (319), Puebla (171) y Morelos (163).<\/p>\n\n\n\n<p>Las entidades con menos secuestros reportados son Aguascalientes, Campeche, Chiapas, Coahuila, Durango, Nayarit, Tlaxcala y Yucat\u00e1n.<\/p>\n\n\n\n<p>Isabel Miranda de Wallace, presidenta de Alto Al Secuestro, estableci\u00f3 que en los tres a\u00f1os del actual gobierno se ha elevado el n\u00famero de secuestros respecto al mismo periodo de Felipe Calder\u00f3n, y se redujo respecto al de Enrique Pe\u00f1a Nieto.<\/p>\n\n\n\n<p>\u201cVemos que hubo una disminuci\u00f3n del 39.7% comparado con el de entonces presidente Pe\u00f1a Nieto, ah\u00ed se dieron 6 mil 625 eventos, era una barbaridad.<\/p>\n\n\n\n<p>\u201cPero si nos vamos al del presidente Felipe Calder\u00f3n, este sexenio sigue teniendo un 74.8% m\u00e1s de secuestros que en la \u00e9poca del presidente Calder\u00f3n.<\/p>\n\n\n\n<p>\u201cEra cuando dec\u00edamos que hab\u00eda mucha violencia, muchos secuestros y a\u00fan as\u00ed hubo menos, un 74% menos de lo que actualmente tenemos\u00bb, expuso Miranda de Wallace.<\/p>\n\n\n\n<p>(Con informaci\u00f3n de \u00abExcelsior\u00bb)<\/p>\n","protected":false},"excerpt":{"rendered":"<p>Redacci\u00f3n\/Zona Roja Cdmx. Ciudad de M\u00e9xico, 13 de octubre de 2021.- De agosto a septiembre&hellip;<\/p>\n","protected":false},"author":2,"featured_media":3544,"comment_status":"closed","ping_status":"open","sticky":false,"template":"","format":"standard","meta":{"_lmt_disableupdate":"","_lmt_disable":"","_jetpack_memberships_contains_paid_content":false,"footnotes":""},"categories":[109,47],"tags":[143],"class_list":["post-33125","post","type-post","status-publish","format-standard","has-post-thumbnail","hentry","category-minuto-a-minuto","category-zona-gris","tag-andres-manuel-lopez-obrador"],"jetpack_featured_media_url":"https:\/\/zonaroja.com.mx\/wp-content\/uploads\/2019\/08\/Secuestro.jpg","jetpack_sharing_enabled":true,"_links":{"self":[{"href":"https:\/\/zonaroja.com.mx\/index.php?rest_route=\/wp\/v2\/posts\/33125","targetHints":{"allow":["GET"]}}],"collection":[{"href":"https:\/\/zonaroja.com.mx\/index.php?rest_route=\/wp\/v2\/posts"}],"about":[{"href":"https:\/\/zonaroja.com.mx\/index.php?rest_route=\/wp\/v2\/types\/post"}],"author":[{"embeddable":true,"href":"https:\/\/zonaroja.com.mx\/index.php?rest_route=\/wp\/v2\/users\/2"}],"replies":[{"embeddable":true,"href":"https:\/\/zonaroja.com.mx\/index.php?rest_route=%2Fwp%2Fv2%2Fcomments&post=33125"}],"version-history":[{"count":1,"href":"https:\/\/zonaroja.com.mx\/index.php?rest_route=\/wp\/v2\/posts\/33125\/revisions"}],"predecessor-version":[{"id":33126,"href":"https:\/\/zonaroja.com.mx\/index.php?rest_route=\/wp\/v2\/posts\/33125\/revisions\/33126"}],"wp:featuredmedia":[{"embeddable":true,"href":"https:\/\/zonaroja.com.mx\/index.php?rest_route=\/wp\/v2\/media\/3544"}],"wp:attachment":[{"href":"https:\/\/zonaroja.com.mx\/index.php?rest_route=%2Fwp%2Fv2%2Fmedia&parent=33125"}],"wp:term":[{"taxonomy":"category","embeddable":true,"href":"https:\/\/zonaroja.com.mx\/index.php?rest_route=%2Fwp%2Fv2%2Fcategories&post=33125"},{"taxonomy":"post_tag","embeddable":true,"href":"https:\/\/zonaroja.com.mx\/index.php?rest_route=%2Fwp%2Fv2%2Ftags&post=33125"}],"curies":[{"name":"wp","href":"https:\/\/api.w.org\/{rel}","templated":true}]}}