{"id":33127,"date":"2021-10-13T20:59:53","date_gmt":"2021-10-14T01:59:53","guid":{"rendered":"http:\/\/www.zonaroja.com.mx\/?p=33127"},"modified":"2021-10-13T21:02:31","modified_gmt":"2021-10-14T02:02:31","slug":"otro-adolescente-enganchado-via-free-fire-ahora-en-jalisco","status":"publish","type":"post","link":"https:\/\/zonaroja.com.mx\/?p=33127","title":{"rendered":"Otro adolescente \u201cenganchado\u201d v\u00eda \u201cFree Fire\u201d, ahora en Jalisco"},"content":{"rendered":"\n<p>Redacci\u00f3n\/Zona Roja Cdmx.<\/p>\n\n\n\n<p>Ciudad de M\u00e9xico, 13 de octubre de 2021.- Otro adolescente fue \u201cenganchado\u201d v\u00eda el juego virtual \u201cFree Fire\u201d para servir al crimen organizado, ahora en el estado de Jalisco.<\/p>\n\n\n\n<p>De acuerdo con la Fiscal\u00eda General de esa entidad, una menor de edad desapareci\u00f3 el pasado 8 de octubre en el municipio de San Pedro Tlaquepaque y fue localizada d\u00edas despu\u00e9s en Tepic, Nayarit.<\/p>\n\n\n\n<p>Seg\u00fan las indagatorias que han realizado, la adolescente fue contactada a trav\u00e9s del video juego \u201cFree Fire\u201d, y con enga\u00f1os fue privada de su libertad seg\u00fan explic\u00f3 Gerardo Octavio Sol\u00eds, titular de la dependencia.<\/p>\n\n\n\n<p>El funcionario se\u00f1al\u00f3 que tras la denuncia, se mont\u00f3 un operativo especial en colaboraci\u00f3n con el estado vecino para poder dar con su paradero y afortunadamente se logr\u00f3 dar con ella, adem\u00e1s ya fue entregada a su familia.<\/p>\n\n\n\n<p>Apenas el pasado s\u00e1bado 9 de octubre, en Oaxaca sucedi\u00f3 un hecho similar, cuando v\u00eda \u201cFree Fire\u201d y WhatsApp, tres menores fueron contactados por otro adolescente en Tlacolula de Matamoros y fueron tra\u00eddos por la fuerza a la ciudad de Oaxaca.<\/p>\n\n\n\n<p>De esta capital pretend\u00edan llevarlos en autob\u00fas hacia Nuevo Le\u00f3n, donde presuntamente servir\u00edan al crimen organizado, confirm\u00f3 la Fiscal\u00eda General del Estado de Oaxaca.<\/p>\n\n\n\n<p>La misma noche del s\u00e1bado fueron rescatados en un domicilio en Santa Luc\u00eda del Camino, tras un operativo policiaco; por estos hechos hay una mujer detenida, que ayer fue vinculada a proceso por el juez de la causa.<\/p>\n","protected":false},"excerpt":{"rendered":"<p>Redacci\u00f3n\/Zona Roja Cdmx. Ciudad de M\u00e9xico, 13 de octubre de 2021.- Otro adolescente fue \u201cenganchado\u201d&hellip;<\/p>\n","protected":false},"author":2,"featured_media":33058,"comment_status":"closed","ping_status":"open","sticky":false,"template":"","format":"standard","meta":{"_lmt_disableupdate":"","_lmt_disable":"","_jetpack_memberships_contains_paid_content":false,"footnotes":""},"categories":[109,47],"tags":[],"class_list":["post-33127","post","type-post","status-publish","format-standard","has-post-thumbnail","hentry","category-minuto-a-minuto","category-zona-gris"],"jetpack_featured_media_url":"https:\/\/zonaroja.com.mx\/wp-content\/uploads\/2021\/10\/Menores-rescatados-Oaxaca-Santa-Lucia.jpg","jetpack_sharing_enabled":true,"_links":{"self":[{"href":"https:\/\/zonaroja.com.mx\/index.php?rest_route=\/wp\/v2\/posts\/33127","targetHints":{"allow":["GET"]}}],"collection":[{"href":"https:\/\/zonaroja.com.mx\/index.php?rest_route=\/wp\/v2\/posts"}],"about":[{"href":"https:\/\/zonaroja.com.mx\/index.php?rest_route=\/wp\/v2\/types\/post"}],"author":[{"embeddable":true,"href":"https:\/\/zonaroja.com.mx\/index.php?rest_route=\/wp\/v2\/users\/2"}],"replies":[{"embeddable":true,"href":"https:\/\/zonaroja.com.mx\/index.php?rest_route=%2Fwp%2Fv2%2Fcomments&post=33127"}],"version-history":[{"count":2,"href":"https:\/\/zonaroja.com.mx\/index.php?rest_route=\/wp\/v2\/posts\/33127\/revisions"}],"predecessor-version":[{"id":33129,"href":"https:\/\/zonaroja.com.mx\/index.php?rest_route=\/wp\/v2\/posts\/33127\/revisions\/33129"}],"wp:featuredmedia":[{"embeddable":true,"href":"https:\/\/zonaroja.com.mx\/index.php?rest_route=\/wp\/v2\/media\/33058"}],"wp:attachment":[{"href":"https:\/\/zonaroja.com.mx\/index.php?rest_route=%2Fwp%2Fv2%2Fmedia&parent=33127"}],"wp:term":[{"taxonomy":"category","embeddable":true,"href":"https:\/\/zonaroja.com.mx\/index.php?rest_route=%2Fwp%2Fv2%2Fcategories&post=33127"},{"taxonomy":"post_tag","embeddable":true,"href":"https:\/\/zonaroja.com.mx\/index.php?rest_route=%2Fwp%2Fv2%2Ftags&post=33127"}],"curies":[{"name":"wp","href":"https:\/\/api.w.org\/{rel}","templated":true}]}}