{"id":33130,"date":"2021-10-13T21:51:43","date_gmt":"2021-10-14T02:51:43","guid":{"rendered":"http:\/\/www.zonaroja.com.mx\/?p=33130"},"modified":"2021-10-13T21:51:46","modified_gmt":"2021-10-14T02:51:46","slug":"istmo-violento-asesinan-a-dos-individuos-un-en-matias-y-otro-en-juchitan","status":"publish","type":"post","link":"https:\/\/zonaroja.com.mx\/?p=33130","title":{"rendered":"Istmo violento: asesinan a dos individuos, un en Mat\u00edas y otro en Juchit\u00e1n"},"content":{"rendered":"\n<p>Redacci\u00f3n\/Zona Roja.<\/p>\n\n\n\n<p>Oaxaca de Ju\u00e1rez, Oax., 13 de octubre de 2021.- La tarde de este mi\u00e9rcoles, en el municipio de Mat\u00edas Romero Avenda\u00f1o fue asesinado a balazos un individuo, en el interior de un taller mec\u00e1nico.<\/p>\n\n\n\n<p>Fue en el local ubicado en la calle Ayuntamiento esquina con Flores Mag\u00f3n, colonia Barrio Ju\u00e1rez Sur, en que sujetos armados ultimaron al hombre, a\u00fan no identificado.<\/p>\n\n\n\n<p>Mientras que por la madrugada, en la calle H\u00e9ctor S\u00e1nchez, a la entrada del fraccionamiento La Planta de Juchit\u00e1n de Zaragoza, fue localizado el cuerpo de una persona del sexo masculino, con heridas producidas al parecer por arma blanca.<\/p>\n\n\n\n<p>Hasta esta noche el individuo no ha sido identificado formalmente y como se\u00f1as tiene varios tatuajes en el cuerpo, dos de ellos con los nombres de Yael y Michel.<\/p>\n\n\n\n<p>\u00bfACCIDENTES?<\/p>\n\n\n\n<p>Por otra parte, una mujer perdi\u00f3 la vida al supuestamente caer del tercer piso de una vivienda, ubicada en el callej\u00f3n Reforma de Juchit\u00e1n de Zaragoza.<\/p>\n\n\n\n<p>La v\u00edctima, presuntamente por accidente, fue identificada como Gloria G. y laboraba en una tienda Elektra de la ciudad istme\u00f1a.<\/p>\n\n\n\n<p>Hasta ahora es desconocen las causas por las cuales la mujer se habr\u00eda ca\u00eddo desde un tercer piso de un edificio de departamentos; se indaga tambi\u00e9n si pudo tratarse de un homicidio doloso.<\/p>\n","protected":false},"excerpt":{"rendered":"<p>Redacci\u00f3n\/Zona Roja. Oaxaca de Ju\u00e1rez, Oax., 13 de octubre de 2021.- La tarde de este&hellip;<\/p>\n","protected":false},"author":2,"featured_media":13196,"comment_status":"closed","ping_status":"open","sticky":false,"template":"","format":"standard","meta":{"_lmt_disableupdate":"","_lmt_disable":"","_jetpack_memberships_contains_paid_content":false,"footnotes":""},"categories":[109,51],"tags":[123],"class_list":["post-33130","post","type-post","status-publish","format-standard","has-post-thumbnail","hentry","category-minuto-a-minuto","category-zona-roja","tag-juchitan-de-zaragoza"],"jetpack_featured_media_url":"https:\/\/zonaroja.com.mx\/wp-content\/uploads\/2020\/06\/IMG_7822.jpg","jetpack_sharing_enabled":true,"_links":{"self":[{"href":"https:\/\/zonaroja.com.mx\/index.php?rest_route=\/wp\/v2\/posts\/33130","targetHints":{"allow":["GET"]}}],"collection":[{"href":"https:\/\/zonaroja.com.mx\/index.php?rest_route=\/wp\/v2\/posts"}],"about":[{"href":"https:\/\/zonaroja.com.mx\/index.php?rest_route=\/wp\/v2\/types\/post"}],"author":[{"embeddable":true,"href":"https:\/\/zonaroja.com.mx\/index.php?rest_route=\/wp\/v2\/users\/2"}],"replies":[{"embeddable":true,"href":"https:\/\/zonaroja.com.mx\/index.php?rest_route=%2Fwp%2Fv2%2Fcomments&post=33130"}],"version-history":[{"count":1,"href":"https:\/\/zonaroja.com.mx\/index.php?rest_route=\/wp\/v2\/posts\/33130\/revisions"}],"predecessor-version":[{"id":33131,"href":"https:\/\/zonaroja.com.mx\/index.php?rest_route=\/wp\/v2\/posts\/33130\/revisions\/33131"}],"wp:featuredmedia":[{"embeddable":true,"href":"https:\/\/zonaroja.com.mx\/index.php?rest_route=\/wp\/v2\/media\/13196"}],"wp:attachment":[{"href":"https:\/\/zonaroja.com.mx\/index.php?rest_route=%2Fwp%2Fv2%2Fmedia&parent=33130"}],"wp:term":[{"taxonomy":"category","embeddable":true,"href":"https:\/\/zonaroja.com.mx\/index.php?rest_route=%2Fwp%2Fv2%2Fcategories&post=33130"},{"taxonomy":"post_tag","embeddable":true,"href":"https:\/\/zonaroja.com.mx\/index.php?rest_route=%2Fwp%2Fv2%2Ftags&post=33130"}],"curies":[{"name":"wp","href":"https:\/\/api.w.org\/{rel}","templated":true}]}}