{"id":33139,"date":"2021-10-14T07:48:35","date_gmt":"2021-10-14T12:48:35","guid":{"rendered":"http:\/\/www.zonaroja.com.mx\/?p=33139"},"modified":"2021-10-14T07:48:39","modified_gmt":"2021-10-14T12:48:39","slug":"impulsan-en-sureste-del-pais-campana-universitaria-de-prevencion-de-violencia-digital","status":"publish","type":"post","link":"https:\/\/zonaroja.com.mx\/?p=33139","title":{"rendered":"Impulsan en sureste del pa\u00eds campa\u00f1a universitaria de prevenci\u00f3n de violencia digital"},"content":{"rendered":"\n<p>Evlin Arag\u00f3n\/Zona Roja.<\/p>\n\n\n\n<p>Oaxaca de Ju\u00e1rez, Oax., 14 de octubre de 2021.- Con la intenci\u00f3n de sensibilizar y prevenir la violencia de g\u00e9nero en el \u00e1mbito digital al interior de las instituciones de educaci\u00f3n superior del sureste de M\u00e9xico, la Universidad Aut\u00f3noma \u201cBenito Ju\u00e1rez\u201d de Oaxaca (UABJO) se sum\u00f3 a la campa\u00f1a \u201cLo Digital \u00a1Es Real!\u201d.<\/p>\n\n\n\n<p>De acuerdo con las instituciones que la impulsan, dicha herramienta busca identificar la incidencia de este tipo de violencia y las consecuencias que trae consigo, a fin de prevenirla en el alumnado de, hasta el momento, tres universidades en Oaxaca, Veracruz y Yucat\u00e1n.<\/p>\n\n\n\n<p>Independientemente de la difusi\u00f3n, la campa\u00f1a incluye un cuestionario que se aplica en el marco del proyecto de investigaci\u00f3n \u201cViolencias digitales en estudiantes de IES del sureste mexicano\u201d, apoyado por el Conacyt en el a\u00f1o 2021, desarrollado por la Universidad Aut\u00f3noma de Yucat\u00e1n, la Universidad Veracruzana y la Universidad Aut\u00f3noma \u201cBenito Ju\u00e1rez de Oaxaca\u201d, que integran la Red de Discriminaci\u00f3n y Violencia de G\u00e9nero.<\/p>\n\n\n\n<p>Dicho proyecto busca contar con conocimiento e informaci\u00f3n certera sobre el tipo de violencias digitales hacia el estudiantado que prevalecen en universidades, y sobre las estrategias formales e informales que usan las y los j\u00f3venes para enfrentar dichas agresiones.&nbsp;<\/p>\n\n\n\n<p>As\u00ed mismo, impactar\u00e1 en las comunidades universitarias participantes a fin de crear ambientes libres de discriminaci\u00f3n y violencia de g\u00e9nero digital, por lo que invitaron a la comunidad estudiantil a participar, toda vez que aseguraron de las opiniones vertidas saldr\u00e1n las l\u00edneas de acci\u00f3n y pol\u00edticas institucionales para atender y erradicar la problem\u00e1tica.<\/p>\n\n\n\n<p>Seg\u00fan lo expuesto, la informaci\u00f3n recabada en el cuestionario virtual, que puede ser contestado hasta el pr\u00f3ximo 29 de octubre, ser\u00e1 utilizada para fines exclusivamente acad\u00e9micos y de investigaci\u00f3n, manteniendo el anonimato y confidencialidad de los datos suministrados.<\/p>\n\n\n\n<p>Por otra parte, dieron a conocer la p\u00e1gina de Facebook e Instagram Lo digital ES REAL, desde donde se puede acceder a la encuesta y mediante la cual difunden informaci\u00f3n sobre la violencia de g\u00e9nero digital, algunos conceptos como: ciberacoso, sextorsi\u00f3n, ciberrobo, porno-venganza; y sus principales consecuencias.&nbsp;<\/p>\n\n\n\n<p>\u201cLa violencia de g\u00e9nero digital es una realidad que hemos normalizado, convirti\u00e9ndola en una pr\u00e1ctica cotidiana. Sin embargo, las ofensas, insultos, burlas y comentarios negativos derivan en violencia psicol\u00f3gica, econ\u00f3mica, sexual y f\u00edsica\u201d, refieren.&nbsp;<\/p>\n\n\n\n<p>Por lo anterior, mediante su campa\u00f1a buscan visibilizar que lo digital tiene consecuencias reales en las personas detr\u00e1s de la pantalla y por tanto debe ser prevenida y atendida.&nbsp;&nbsp;&nbsp;<\/p>\n","protected":false},"excerpt":{"rendered":"<p>Evlin Arag\u00f3n\/Zona Roja. Oaxaca de Ju\u00e1rez, Oax., 14 de octubre de 2021.- Con la intenci\u00f3n&hellip;<\/p>\n","protected":false},"author":2,"featured_media":33140,"comment_status":"closed","ping_status":"open","sticky":false,"template":"","format":"standard","meta":{"_lmt_disableupdate":"","_lmt_disable":"","_jetpack_memberships_contains_paid_content":false,"footnotes":""},"categories":[109,46],"tags":[282],"class_list":["post-33139","post","type-post","status-publish","format-standard","has-post-thumbnail","hentry","category-minuto-a-minuto","category-zona-blanca","tag-universidad-autonoma-benito-juarez-de-oaxaca"],"jetpack_featured_media_url":"https:\/\/zonaroja.com.mx\/wp-content\/uploads\/2021\/10\/Violencia-digital-universidades.jpg","jetpack_sharing_enabled":true,"_links":{"self":[{"href":"https:\/\/zonaroja.com.mx\/index.php?rest_route=\/wp\/v2\/posts\/33139","targetHints":{"allow":["GET"]}}],"collection":[{"href":"https:\/\/zonaroja.com.mx\/index.php?rest_route=\/wp\/v2\/posts"}],"about":[{"href":"https:\/\/zonaroja.com.mx\/index.php?rest_route=\/wp\/v2\/types\/post"}],"author":[{"embeddable":true,"href":"https:\/\/zonaroja.com.mx\/index.php?rest_route=\/wp\/v2\/users\/2"}],"replies":[{"embeddable":true,"href":"https:\/\/zonaroja.com.mx\/index.php?rest_route=%2Fwp%2Fv2%2Fcomments&post=33139"}],"version-history":[{"count":1,"href":"https:\/\/zonaroja.com.mx\/index.php?rest_route=\/wp\/v2\/posts\/33139\/revisions"}],"predecessor-version":[{"id":33141,"href":"https:\/\/zonaroja.com.mx\/index.php?rest_route=\/wp\/v2\/posts\/33139\/revisions\/33141"}],"wp:featuredmedia":[{"embeddable":true,"href":"https:\/\/zonaroja.com.mx\/index.php?rest_route=\/wp\/v2\/media\/33140"}],"wp:attachment":[{"href":"https:\/\/zonaroja.com.mx\/index.php?rest_route=%2Fwp%2Fv2%2Fmedia&parent=33139"}],"wp:term":[{"taxonomy":"category","embeddable":true,"href":"https:\/\/zonaroja.com.mx\/index.php?rest_route=%2Fwp%2Fv2%2Fcategories&post=33139"},{"taxonomy":"post_tag","embeddable":true,"href":"https:\/\/zonaroja.com.mx\/index.php?rest_route=%2Fwp%2Fv2%2Ftags&post=33139"}],"curies":[{"name":"wp","href":"https:\/\/api.w.org\/{rel}","templated":true}]}}