{"id":33146,"date":"2021-10-14T07:58:28","date_gmt":"2021-10-14T12:58:28","guid":{"rendered":"http:\/\/www.zonaroja.com.mx\/?p=33146"},"modified":"2021-10-14T07:58:31","modified_gmt":"2021-10-14T12:58:31","slug":"aprueban-prohibir-fumar-en-transporte-publico-y-autos-particulares-donde-viajen-ninos","status":"publish","type":"post","link":"https:\/\/zonaroja.com.mx\/?p=33146","title":{"rendered":"Aprueban prohibir fumar en transporte p\u00fablico y autos particulares donde viajen ni\u00f1os"},"content":{"rendered":"\n<p>Redacci\u00f3n\/Zona Roja.<\/p>\n\n\n\n<p>Oaxaca de Ju\u00e1rez, Oax., 14 de octubre del 2021.- A propuesta de la diputada Magaly L\u00f3pez Dom\u00ednguez,&nbsp; el Congreso del Estado aprob\u00f3 reformar la Ley de Tr\u00e1nsito y Vialidad del Estado de Oaxaca,&nbsp; para garantizar un medio ambiente sano y entorno libre de humo de cigarro&nbsp; a ni\u00f1os y ni\u00f1as.<\/p>\n\n\n\n<p>Mediante la adici\u00f3n a los art\u00edculos 47 Bis, 47 Ter y 47 Qu\u00e1ter, de la legislaci\u00f3n en menci\u00f3n queda prohibido fumar en los veh\u00edculos particulares, si en su interior viajan ni\u00f1os, ni\u00f1as, adolescentes o mujeres embarazadas.<\/p>\n\n\n\n<p>De igual manera se impide fumar en los veh\u00edculos destinados al servicio p\u00fablico de pasajeros mientras se brinda dicho servicio.<\/p>\n\n\n\n<p>Adem\u00e1s, se estableci\u00f3 como hecho il\u00edcito que las personas que conducen veh\u00edculos privados o destinados al servicio p\u00fablico de pasajeros, arrojen residuos de cualquier forma y volumen en la v\u00eda p\u00fablica de comunicaci\u00f3n local.<\/p>\n\n\n\n<p>La diputada integrante del Grupo Parlamentario Morena, Magaly L\u00f3pez Dom\u00ednguez, indic\u00f3 que esta reforma&nbsp; obedece a la preocupaci\u00f3n expresa de la Organizaci\u00f3n Mundial de la Salud (OMS),&nbsp; debido a que la mitad de los ni\u00f1os y ni\u00f1as del mundo, respiran aire contaminado por humo de tabaco.<\/p>\n\n\n\n<p>Detall\u00f3 que, de acuerdo con la OMS, en 2004 los ni\u00f1os y ni\u00f1as fueron v\u00edctimas del 31% de las 600 mil muertes prematuras atribuibles al humo ajeno.<\/p>\n\n\n\n<p>A\u00f1adi\u00f3 que el tabaquismo pasivo es causa de graves enfermedades cardiovasculares y respiratorias, entre ellas la cardiopat\u00eda coronaria y el c\u00e1ncer de pulm\u00f3n, en el adulto; de s\u00edndrome de muerte s\u00fabita en el lactante, y de bajo peso al nacer en el feto.<\/p>\n\n\n\n<p>La congresista agreg\u00f3 que estudios m\u00e9dicos han demostrado que el tabaquismo pasivo causa&nbsp; graves enfermedades cardiovasculares y respiratorias, entre ellas la cardiopat\u00eda coronaria y el c\u00e1ncer de pulm\u00f3n, en el adulto; de s\u00edndrome de muerte s\u00fabita en el lactante, y de bajo peso al nacer en el feto.<\/p>\n\n\n\n<p>Finalmente, la tambi\u00e9n presidenta de la Comisi\u00f3n Permanente de Derechos Humanos del Congreso Local, indic\u00f3 que es obligaci\u00f3n de los gobiernos propiciar un medio ambiente sano para las y los ciudadanos, priorizando el inter\u00e9s superior de la ni\u00f1ez.<\/p>\n\n\n\n<p>Dentro de los art\u00edculos transitorios de esta reforma se establece que luego de la entrada en vigor de esta ley, el titular del Poder Ejecutivo del Estado de Oaxaca, tendr\u00e1 un plazo de 90 d\u00edas naturales para expedir&nbsp; el Reglamento de la Ley de Tr\u00e1nsito y Vialidad del Estado de Oaxaca, que permita la plena ejecuci\u00f3n del presente decreto.<\/p>\n\n\n\n<p>La reforma a la Ley de Tr\u00e1nsito y Vialidad del Estado de Oaxaca, promovida por la Diputada Magaly L\u00f3pez Dom\u00ednguez, entrar\u00e1 en vigor luego de su publicaci\u00f3n en el Peri\u00f3dico Oficial del Estado de Oaxaca.<\/p>\n","protected":false},"excerpt":{"rendered":"<p>Redacci\u00f3n\/Zona Roja. Oaxaca de Ju\u00e1rez, Oax., 14 de octubre del 2021.- A propuesta de la&hellip;<\/p>\n","protected":false},"author":2,"featured_media":31126,"comment_status":"closed","ping_status":"open","sticky":false,"template":"","format":"standard","meta":{"_lmt_disableupdate":"","_lmt_disable":"","_jetpack_memberships_contains_paid_content":false,"footnotes":""},"categories":[109,46],"tags":[192],"class_list":["post-33146","post","type-post","status-publish","format-standard","has-post-thumbnail","hentry","category-minuto-a-minuto","category-zona-blanca","tag-diputada-magaly-lopez-dominguez"],"jetpack_featured_media_url":"https:\/\/zonaroja.com.mx\/wp-content\/uploads\/2021\/08\/DIPUTADA-MAGALY-LOPEZ-2.jpeg","jetpack_sharing_enabled":true,"_links":{"self":[{"href":"https:\/\/zonaroja.com.mx\/index.php?rest_route=\/wp\/v2\/posts\/33146","targetHints":{"allow":["GET"]}}],"collection":[{"href":"https:\/\/zonaroja.com.mx\/index.php?rest_route=\/wp\/v2\/posts"}],"about":[{"href":"https:\/\/zonaroja.com.mx\/index.php?rest_route=\/wp\/v2\/types\/post"}],"author":[{"embeddable":true,"href":"https:\/\/zonaroja.com.mx\/index.php?rest_route=\/wp\/v2\/users\/2"}],"replies":[{"embeddable":true,"href":"https:\/\/zonaroja.com.mx\/index.php?rest_route=%2Fwp%2Fv2%2Fcomments&post=33146"}],"version-history":[{"count":1,"href":"https:\/\/zonaroja.com.mx\/index.php?rest_route=\/wp\/v2\/posts\/33146\/revisions"}],"predecessor-version":[{"id":33147,"href":"https:\/\/zonaroja.com.mx\/index.php?rest_route=\/wp\/v2\/posts\/33146\/revisions\/33147"}],"wp:featuredmedia":[{"embeddable":true,"href":"https:\/\/zonaroja.com.mx\/index.php?rest_route=\/wp\/v2\/media\/31126"}],"wp:attachment":[{"href":"https:\/\/zonaroja.com.mx\/index.php?rest_route=%2Fwp%2Fv2%2Fmedia&parent=33146"}],"wp:term":[{"taxonomy":"category","embeddable":true,"href":"https:\/\/zonaroja.com.mx\/index.php?rest_route=%2Fwp%2Fv2%2Fcategories&post=33146"},{"taxonomy":"post_tag","embeddable":true,"href":"https:\/\/zonaroja.com.mx\/index.php?rest_route=%2Fwp%2Fv2%2Ftags&post=33146"}],"curies":[{"name":"wp","href":"https:\/\/api.w.org\/{rel}","templated":true}]}}