{"id":33148,"date":"2021-10-14T08:02:58","date_gmt":"2021-10-14T13:02:58","guid":{"rendered":"http:\/\/www.zonaroja.com.mx\/?p=33148"},"modified":"2021-10-14T08:03:01","modified_gmt":"2021-10-14T13:03:01","slug":"anuncian-dos-universidades-para-la-costa-de-oaxaca-una-de-ellas-en-zona-afromexicana","status":"publish","type":"post","link":"https:\/\/zonaroja.com.mx\/?p=33148","title":{"rendered":"Anuncian dos universidades para la Costa de Oaxaca, una de ellas en zona afromexicana"},"content":{"rendered":"\n<p>Redacci\u00f3n\/Zona Roja.<\/p>\n\n\n\n<p>Oaxaca de Ju\u00e1rez, Oax., 14 de octubre de 2021.- En la regi\u00f3n de la Costa oaxaque\u00f1a surge la posibilidad de que se construyan dos universidades polit\u00e9cnicas con un enfoque totalmente comunitario, una de ellas en la zona de \u201cLa Llanada\u201d, en donde habitan comunidades afromexicanas.<\/p>\n\n\n\n<p>Lo anterior fue informado este fin de semana en una reuni\u00f3n que mantuvieron en la zona la senadora Susana Harp Iturribarr\u00eda y la diputada local In\u00e9s Leal Pel\u00e1ez, con autoridades educativas del gobierno federal.<\/p>\n\n\n\n<p>En este encuentro, Luciano Concheiro B\u00f3rquez, subsecretario de Educaci\u00f3n Superior, de la Secretar\u00eda de Educaci\u00f3n P\u00fablica (SEP); Herminio Baltazar Cisneros, Coordinador General de Universidades Tecnol\u00f3gicas y Polit\u00e9cnicas (CGUTyP) y&nbsp; Mar\u00eda de los \u00c1ngeles Gordillo Casta\u00f1eda, directora de Educaci\u00f3n Media Superior y Superior de la Coordinaci\u00f3n General de Educaci\u00f3n Intercultural y Biling\u00fce (CGEIB), expusieron ante las legisladoras oaxaque\u00f1as y ante las comunidades, la importancia de trabajar en conjunto con la sociedad para revertir el rezago educativo en Oaxaca, mediante la educaci\u00f3n.<\/p>\n\n\n\n<p>La senadora Harp Iturribarr\u00eda dijo que esta reuni\u00f3n tuvo como objetivo fortalecer la comunicaci\u00f3n con autoridades municipales y principalmente con la juventud, con quienes en su momento se transitar\u00e1 la ruta legal para establecer desde lo relacionada con la infraestructura, hasta la oferta educativa de estas dos casas de estudios.<\/p>\n\n\n\n<figure class=\"wp-block-embed-twitter wp-block-embed is-type-rich is-provider-twitter\"><div class=\"wp-block-embed__wrapper\">\n<div class=\"twitter-tweet\"><blockquote class=\"twitter-tweet\" data-lang=\"es\"><p lang=\"es\" dir=\"ltr\">Agradecemos el gran acompa\u00f1amiento del Dr. <a href=\"https:\/\/twitter.com\/LucianoConchier?ref_src=twsrc%5Etfw\">@LucianoConchier<\/a>, del Dr. Herminio Baltazar Cisneros y de la Mtra. \u00c1ngeles Gordillo.<br>3\/3<a href=\"https:\/\/twitter.com\/ineslealp?ref_src=twsrc%5Etfw\">@ineslealp<\/a> <a href=\"https:\/\/twitter.com\/oscarsolorzan01?ref_src=twsrc%5Etfw\">@oscarsolorzan01<\/a> <a href=\"https:\/\/t.co\/ZtHwkxgraM\">pic.twitter.com\/ZtHwkxgraM<\/a><\/p>&mdash; Susana Harp Iturribarr\u00eda (@SusanaHarp) <a href=\"https:\/\/twitter.com\/SusanaHarp\/status\/1447674285548609539?ref_src=twsrc%5Etfw\">11 de octubre de 2021<\/a><\/blockquote><\/div>\n<\/div><\/figure>\n\n\n\n<p>La tambi\u00e9n presidenta de la Comisi\u00f3n de Cultura en el Senado de la Rep\u00fablica celebr\u00f3 la posibilidad que existe para la construcci\u00f3n de estos centros educativos, porque dijo, contribuye a garantizar el derecho fundamental a la educaci\u00f3n, la cual posee la poblaci\u00f3n ind\u00edgena, y en espec\u00edfico a los pueblos y comunidades afromexicanos de Oaxaca.<\/p>\n\n\n\n<p>\u201cLa oportunidad de construir dos universidades en la costa oaxaque\u00f1a es tambi\u00e9n una oportunidad para saldar una deuda hist\u00f3rica con nuestras hermanas y hermanos, es la oportunidad de hacer valer su derecho humano a la educaci\u00f3n, con inclusi\u00f3n. Nuestra herramienta para la transformaci\u00f3n es la educaci\u00f3n\u201d, expres\u00f3.<\/p>\n\n\n\n<p>La legisladora por Morena detall\u00f3 adem\u00e1s que se trabajar\u00e1 en un an\u00e1lisis de factibilidad para definir el lugar de construcci\u00f3n de las dos sedes universitarias.<\/p>\n\n\n\n<p>Respecto a la universidad que se construir\u00eda en la zona de \u201cLa Llanada\u201d, indic\u00f3 que existen varias propuestas de donaci\u00f3n de terreno por parte de autoridades municipales, quienes est\u00e1n en toda la disposici\u00f3n.<\/p>\n\n\n\n<p>&nbsp;Se prev\u00e9 que en unas semanas m\u00e1s, se programe una reuni\u00f3n con la presencia de la titular de la Secretar\u00eda de Educaci\u00f3n P\u00fablica del pa\u00eds, Delfina G\u00f3mez \u00c1lvarez, para exponer los beneficios que tendr\u00eda la existencia de estos centros de estudios en la costa oaxaque\u00f1a.<\/p>\n\n\n\n<p>La visita de las legisladoras oaxaque\u00f1as se dio en conjunto con \u00d3scar Sol\u00f3rzano, con quien forman parte del Patronato para el Establecimiento de las Universidades Tecnol\u00f3gicas y Polit\u00e9cnicas de Oaxaca.<\/p>\n","protected":false},"excerpt":{"rendered":"<p>Redacci\u00f3n\/Zona Roja. Oaxaca de Ju\u00e1rez, Oax., 14 de octubre de 2021.- En la regi\u00f3n de&hellip;<\/p>\n","protected":false},"author":2,"featured_media":33143,"comment_status":"closed","ping_status":"open","sticky":false,"template":"","format":"standard","meta":{"_lmt_disableupdate":"","_lmt_disable":"","_jetpack_memberships_contains_paid_content":false,"footnotes":""},"categories":[109,46],"tags":[1685],"class_list":["post-33148","post","type-post","status-publish","format-standard","has-post-thumbnail","hentry","category-minuto-a-minuto","category-zona-blanca","tag-susana-harp-iturribarria"],"jetpack_featured_media_url":"https:\/\/zonaroja.com.mx\/wp-content\/uploads\/2021\/10\/Senadora-Susana-Harp-2.jpeg","jetpack_sharing_enabled":true,"_links":{"self":[{"href":"https:\/\/zonaroja.com.mx\/index.php?rest_route=\/wp\/v2\/posts\/33148","targetHints":{"allow":["GET"]}}],"collection":[{"href":"https:\/\/zonaroja.com.mx\/index.php?rest_route=\/wp\/v2\/posts"}],"about":[{"href":"https:\/\/zonaroja.com.mx\/index.php?rest_route=\/wp\/v2\/types\/post"}],"author":[{"embeddable":true,"href":"https:\/\/zonaroja.com.mx\/index.php?rest_route=\/wp\/v2\/users\/2"}],"replies":[{"embeddable":true,"href":"https:\/\/zonaroja.com.mx\/index.php?rest_route=%2Fwp%2Fv2%2Fcomments&post=33148"}],"version-history":[{"count":1,"href":"https:\/\/zonaroja.com.mx\/index.php?rest_route=\/wp\/v2\/posts\/33148\/revisions"}],"predecessor-version":[{"id":33149,"href":"https:\/\/zonaroja.com.mx\/index.php?rest_route=\/wp\/v2\/posts\/33148\/revisions\/33149"}],"wp:featuredmedia":[{"embeddable":true,"href":"https:\/\/zonaroja.com.mx\/index.php?rest_route=\/wp\/v2\/media\/33143"}],"wp:attachment":[{"href":"https:\/\/zonaroja.com.mx\/index.php?rest_route=%2Fwp%2Fv2%2Fmedia&parent=33148"}],"wp:term":[{"taxonomy":"category","embeddable":true,"href":"https:\/\/zonaroja.com.mx\/index.php?rest_route=%2Fwp%2Fv2%2Fcategories&post=33148"},{"taxonomy":"post_tag","embeddable":true,"href":"https:\/\/zonaroja.com.mx\/index.php?rest_route=%2Fwp%2Fv2%2Ftags&post=33148"}],"curies":[{"name":"wp","href":"https:\/\/api.w.org\/{rel}","templated":true}]}}