{"id":33151,"date":"2021-10-14T12:56:28","date_gmt":"2021-10-14T17:56:28","guid":{"rendered":"https:\/\/www.zonaroja.com.mx\/?p=33151"},"modified":"2021-10-14T12:56:31","modified_gmt":"2021-10-14T17:56:31","slug":"albarradas-advierte-derramamiento-de-sangre-en-hierve-el-agua-culpa-a-segego","status":"publish","type":"post","link":"https:\/\/zonaroja.com.mx\/?p=33151","title":{"rendered":"Albarradas advierte derramamiento de sangre en Hierve el Agua; culpa a Segego"},"content":{"rendered":"\n<p><\/p>\n\n\n\n<p>Evlin Arag\u00f3n\/Zona Roja.&nbsp;<\/p>\n\n\n\n<p>Oaxaca de Ju\u00e1rez, Oax., 14 de octubre de 2021.- Con&nbsp;los \u00e1nimos encendidos, palos y machetes en mano, habitantes de San Lorenzo Albarradas&nbsp;arribaron&nbsp;este jueves&nbsp;a las oficinas de Ciudad Administrativa, en Tlalixtac de Cabrera, en donde bloquearon los accesos, incluidas las vialidades cercanas.&nbsp;<\/p>\n\n\n\n<p>\u201cLa verdad estamos molestos, hay una minuta firmada con supuestos acuerdos y ayer cuando nos dimos cuenta ya estaban los se\u00f1ores en el parador tur\u00edstico Hierve el Agua. El pueblo de San Lorenzo ya se cans\u00f3 de tantas mentiras\u201d, refiri\u00f3 uno los pobladores ante Javier Jim\u00e9nez Herrera, subsecretario de Desarrollo Pol\u00edtico de la Segego, quien sali\u00f3 a atenderlos a las afueras del complejo administrativo.&nbsp;<\/p>\n\n\n\n<p>Y es que ayer se dio la reapertura del parador tur\u00edstico Hierve el Agua por parte de habitantes de San Isidro Roagu\u00eda, comunidad con la que mantienen una hist\u00f3rica disputa por el control y la administraci\u00f3n del lugar con amplia afluencia tur\u00edstica.<\/p>\n\n\n\n<p>Por lo anterior, reclamaron a los titulares de la Secretar\u00eda General de Gobierno (Segego) y la Secretar\u00eda de Turismo, Francisco Garc\u00eda L\u00f3pez y Juan Carlos Castellanos, respectivamente, haberse comprometido p\u00fablicamente y ante los medios de comunicaci\u00f3n de que no habr\u00eda una reapertura del lugar hasta que se dieran los acuerdos necesarios.&nbsp;<\/p>\n\n\n\n<p>Al respecto, advirtieron la existencia de un documento en el que&nbsp;qued\u00f3 signado el compromiso mismo que incluso determin\u00f3 la fecha para una pr\u00f3xima reuni\u00f3n la cual se llevar\u00eda a cabo&nbsp;este viernes 15 de octubre&nbsp;en punto de los&nbsp;11&nbsp;de la ma\u00f1ana, por lo que responsabilizaron a las autoridades de lo que pueda suceder en la zona.&nbsp;&nbsp;&nbsp;<\/p>\n\n\n\n<p>\u201cVenimos indignados, se burlaron de nosotros. A lo mejor no estamos preparados, no tenemos estudios, pero si tenemos la capacidad de arreglar nuestros problemas y lo vamos a hacer si ustedes no le dan soluci\u00f3n hoy mismo\u201d, dijo otro poblador.&nbsp;&nbsp;&nbsp;<\/p>\n\n\n\n<p>De acuerdo con los manifestantes, es el exdiputado local Manuel P\u00e9rez Morales el que ha violado cualquier tipo de acuerdo para solucionar el conflicto en la zona, personaje que aseguran puede estar coludido con funcionarios p\u00fablicos y de ah\u00ed el trato preferencial que se le da.&nbsp;&nbsp;<\/p>\n\n\n\n<p>\u201cYo creo que es muy claro, ya basta de tantas mentiras. Esta es una violaci\u00f3n a los acuerdos, no s\u00e9 a qu\u00e9 se debe que este compa\u00f1ero P\u00e9rez Morales a lo mejor se reparte el dinero con todos los funcionarios p\u00fablicos o porque le dan esas preferencias. Ya basta porque va a haber un derramamiento de sangre de personas inocentes\u201d, indic\u00f3 un poblador m\u00e1s.&nbsp;&nbsp;<\/p>\n\n\n\n<p>Recordaron que el conflicto lleva m\u00e1s de 20 a\u00f1os vigente, incluso fue Jos\u00e9 Murat Casab el primer gobernante que se comprometi\u00f3 a darle soluci\u00f3n sin que hasta la fecha ninguno de sus sucesores, incluido su hijo, haya podido resolver la problem\u00e1tica.&nbsp;<\/p>\n\n\n\n<p>\u201cGobierno de Murrata que vives de los pobres\u201d; \u201cGobierno corrupto \u00a1Da la cara! No tienes palabra\u201d;\u201d Pueblo unido jam\u00e1s ser\u00e1 vencido. Venimos dispuestos a todo\u201d; \u201cGobierno si est\u00e1 vez no nos haces caso atente a las consecuencias. Esta vez correr\u00e1 sangre\u201d, fueron parte de las pancartas que colocaron en los accesos del complejo administrativo.&nbsp;&nbsp;<\/p>\n\n\n\n<p>La protesta de pobladores de San Lorenzo Albarradas oblig\u00f3 a los elementos de la Polic\u00eda Estatal a hacer presencia en la zona, donde se mantienen a la expectativa de cualquier acci\u00f3n violenta por parte del grupo manifestante.  <\/p>\n","protected":false},"excerpt":{"rendered":"<p>Evlin Arag\u00f3n\/Zona Roja.&nbsp; Oaxaca de Ju\u00e1rez, Oax., 14 de octubre de 2021.- Con&nbsp;los \u00e1nimos encendidos,&hellip;<\/p>\n","protected":false},"author":2,"featured_media":33150,"comment_status":"closed","ping_status":"open","sticky":false,"template":"","format":"standard","meta":{"_lmt_disableupdate":"","_lmt_disable":"","_jetpack_memberships_contains_paid_content":false,"footnotes":""},"categories":[109,47],"tags":[334],"class_list":["post-33151","post","type-post","status-publish","format-standard","has-post-thumbnail","hentry","category-minuto-a-minuto","category-zona-gris","tag-san-lorenzo-albarradas"],"jetpack_featured_media_url":"https:\/\/zonaroja.com.mx\/wp-content\/uploads\/2021\/10\/573fe4be-b2c2-46d5-9927-dc1cb27860a4.jpg","jetpack_sharing_enabled":true,"_links":{"self":[{"href":"https:\/\/zonaroja.com.mx\/index.php?rest_route=\/wp\/v2\/posts\/33151","targetHints":{"allow":["GET"]}}],"collection":[{"href":"https:\/\/zonaroja.com.mx\/index.php?rest_route=\/wp\/v2\/posts"}],"about":[{"href":"https:\/\/zonaroja.com.mx\/index.php?rest_route=\/wp\/v2\/types\/post"}],"author":[{"embeddable":true,"href":"https:\/\/zonaroja.com.mx\/index.php?rest_route=\/wp\/v2\/users\/2"}],"replies":[{"embeddable":true,"href":"https:\/\/zonaroja.com.mx\/index.php?rest_route=%2Fwp%2Fv2%2Fcomments&post=33151"}],"version-history":[{"count":1,"href":"https:\/\/zonaroja.com.mx\/index.php?rest_route=\/wp\/v2\/posts\/33151\/revisions"}],"predecessor-version":[{"id":33152,"href":"https:\/\/zonaroja.com.mx\/index.php?rest_route=\/wp\/v2\/posts\/33151\/revisions\/33152"}],"wp:featuredmedia":[{"embeddable":true,"href":"https:\/\/zonaroja.com.mx\/index.php?rest_route=\/wp\/v2\/media\/33150"}],"wp:attachment":[{"href":"https:\/\/zonaroja.com.mx\/index.php?rest_route=%2Fwp%2Fv2%2Fmedia&parent=33151"}],"wp:term":[{"taxonomy":"category","embeddable":true,"href":"https:\/\/zonaroja.com.mx\/index.php?rest_route=%2Fwp%2Fv2%2Fcategories&post=33151"},{"taxonomy":"post_tag","embeddable":true,"href":"https:\/\/zonaroja.com.mx\/index.php?rest_route=%2Fwp%2Fv2%2Ftags&post=33151"}],"curies":[{"name":"wp","href":"https:\/\/api.w.org\/{rel}","templated":true}]}}