{"id":33156,"date":"2021-10-14T18:28:44","date_gmt":"2021-10-14T23:28:44","guid":{"rendered":"http:\/\/www.zonaroja.com.mx\/?p=33156"},"modified":"2021-10-14T18:33:43","modified_gmt":"2021-10-14T23:33:43","slug":"el-drama-de-madres-e-hijos-abandonados-y-la-justicia-que-no-llega","status":"publish","type":"post","link":"https:\/\/zonaroja.com.mx\/?p=33156","title":{"rendered":"El drama de madres e hijos abandonados y la justicia que no llega"},"content":{"rendered":"\n<p>Evlin Arag\u00f3n\/Zona Roja.<\/p>\n\n\n\n<p>Oaxaca de Ju\u00e1rez, Oax., 14 de octubre de 2021.- Algunas se quedaron con beb\u00e9s, otras con dos o tres adolescentes; unas m\u00e1s tienen que buscar c\u00f3mo sustentar el hogar, a causa del abandono del padre de familia. Y en el colmo, enfrentan la discriminaci\u00f3n, las cr\u00edticas y el se\u00f1alamiento hasta de sus familiares.<\/p>\n\n\n\n<p>Pero todas se armaron de valor para denunciar a su deudor alimentario. Para se\u00f1alar a quien dej\u00f3 a sus hijos en el desamparo; para reclamar justicia. Para acusar la lentitud de jueces y muchas veces la complicidad y corrupci\u00f3n al proteger al var\u00f3n.<\/p>\n\n\n\n<p>\u201cHemos venido a buscar el sustento para ellos, sorteando las dificultades de la vida y no es lo justo. Lo justo es que tengan a ambos, padre y madre, pues ambos lo engendraron, para su desarrollo emocional, no s\u00f3lo es lo econ\u00f3mico, como a veces lo quieren enfocar.<\/p>\n\n\n\n<p>\u201cEs fundamental para ellos la figura paterna, es importante para su desarrollo emociona, sicol\u00f3gico y social de los ni\u00f1os. Venimos a buscar la impartici\u00f3n de justicia para los infantes\u201d, narra Diana Laura, quien reclama pensi\u00f3n alimenticia a David A. Alonso D\u00edaz, quien abandon\u00f3 dos hijos, de cinco y siete a\u00f1os.<\/p>\n\n\n\n<p>\u201cNo s\u00e9 nada de \u00e9l desde hace m\u00e1s de un a\u00f1o; lo \u00faltimo que supe es que se cas\u00f3 en diciembre de 2020; al unirme yo a este movimiento, he recibido muchos se\u00f1alamientos por parte de la familia, me han atacado, me han dicho cosas, me han difamado, para tratar de justificar la actitud baja de este se\u00f1or\u201d, agrega la joven.<\/p>\n\n\n\n<figure class=\"wp-block-embed-twitter wp-block-embed is-type-rich is-provider-twitter\"><div class=\"wp-block-embed__wrapper\">\n<div class=\"twitter-tweet\"><blockquote class=\"twitter-tweet\" data-lang=\"es\"><p lang=\"es\" dir=\"ltr\"><a href=\"https:\/\/twitter.com\/hashtag\/DeudoresAlTendedero?src=hash&amp;ref_src=twsrc%5Etfw\">#DeudoresAlTendedero<\/a> <br>M\u00faltiples historias de mujeres que fueron abandonadas por sus parejas, varias con hijos menores, y que siguen sin recibir apoyo para los hijos que procrearon. <br>Contin\u00faa la protesta en los juzgados civiles y familiares del <a href=\"https:\/\/twitter.com\/tsjoaxaca?ref_src=twsrc%5Etfw\">@tsjoaxaca<\/a>. <a href=\"https:\/\/t.co\/PGJSX0xhEi\">pic.twitter.com\/PGJSX0xhEi<\/a><\/p>&mdash; Zona Roja Oaxaca (@Zona_Roja_Oax) <a href=\"https:\/\/twitter.com\/Zona_Roja_Oax\/status\/1448723896186785796?ref_src=twsrc%5Etfw\">14 de octubre de 2021<\/a><\/blockquote><\/div>\n<\/div><\/figure>\n\n\n\n<p>SIGUE TENDEDERO<\/p>\n\n\n\n<p>Como el de ellas, decenas, centenas de casos en Oaxaca que esperan justicia, que esperan atenci\u00f3n del Poder Judicial y que s\u00f3lo hallan lentitud y favoritismos al deudor.<\/p>\n\n\n\n<p>Por ello, este jueves, activistas y feministas instalaron el quinto \u201ctendedero\u201d de deudores alimentarios y tapizaron de fotograf\u00edas e im\u00e1genes los accesos a los Juzgados Familiares ubicados la privada de Divisi\u00f3n Oriente, en inmediaciones del Barrio del Exmarquesado, en la ciudad de Oaxaca, lugar en el que tambi\u00e9n lanzaron consignas en contra de las y los juzgadores, como Mar\u00eda Eugenia L\u00f3pez Morales.<\/p>\n\n\n\n<p>Tal y como hab\u00eda sido anunciado, aunque con varios minutos de retraso, las mujeres arribaron al lugar, acompa\u00f1adas de la patrulla feminista, para denunciar a quienes desde hace a\u00f1os no se hacen responsables de sus hijos e hijas y dejan toda la responsabilidad en las mujeres.<\/p>\n\n\n\n<p>En esta ocasi\u00f3n decidieron exponer a los hombres irresponsables a las afueras de los Juzgados Familiares toda vez que es ah\u00ed donde las denuncias interpuestas para obtener la pensi\u00f3n alimenticia no avanzan, por protecci\u00f3n hacia los deudores o indolencia por parte de las autoridades encargadas de procurar justicia.<\/p>\n\n\n\n<p>Las mujeres que se dieron cita en el lugar aseguraron que llevan entre tres meses y diez a\u00f1os buscando justicia al interior de dichas instancias, en donde hasta la fecha buscan&nbsp; que sus demandas procedan, lo cual les ha significado un desgaste f\u00edsico y econ\u00f3mico importante, mismo que se podr\u00eda evitar si los hombres se hicieran responsables de sus actos.<\/p>\n\n\n\n<p>\u201cEstamos hartas, exigimos que las autoridades hagan su trabajo y ya no pongan m\u00e1s pretextos para obligar a los deudores alimentarios a cumplir. No es posible que nos tardemos meses en obtener siquiera las copias del expediente, ni se diga de las notificaciones, necesitamos juzgados eficientes y a favor de la ni\u00f1ez\u201d, indicaron las madres de familia.<\/p>\n\n\n\n<p>En el lugar y con documentos en mano denunciaron como deudores alimentarios a Casiano Luis Mej\u00eda, militante del Partido del Trabajo, cuyo proceso inicio en el 2011 al interior de los Juzgados Familiares.<\/p>\n\n\n\n<figure class=\"wp-block-embed-twitter wp-block-embed is-type-rich is-provider-twitter\"><div class=\"wp-block-embed__wrapper\">\n<div class=\"twitter-tweet\"><blockquote class=\"twitter-tweet\" data-lang=\"es\"><p lang=\"es\" dir=\"ltr\"><a href=\"https:\/\/twitter.com\/hashtag\/ENVIVO?src=hash&amp;ref_src=twsrc%5Etfw\">#ENVIVO<\/a><br>Oaxaca de Ju\u00e1rez, Oax.. 14 de octubre de 2021.- Colectivos feministas extienden \u201ctendedero\u201d de deudores alimentarios en juzgados del Poder Judicial de Oaxaca y realizan una protesta.<br><br>Siga aqu\u00ed la transmisi\u00f3n:<br>\ud83d\udc47<a href=\"https:\/\/t.co\/B8Gu2m9Uma\">https:\/\/t.co\/B8Gu2m9Uma<\/a> <a href=\"https:\/\/t.co\/Q96c5uBMro\">pic.twitter.com\/Q96c5uBMro<\/a><\/p>&mdash; Zona Roja Oaxaca (@Zona_Roja_Oax) <a href=\"https:\/\/twitter.com\/Zona_Roja_Oax\/status\/1448733973476098052?ref_src=twsrc%5Etfw\">14 de octubre de 2021<\/a><\/blockquote><\/div>\n<\/div><\/figure>\n\n\n\n<p>HASTA FUNCIONARIOS<\/p>\n\n\n\n<p>Fernando Garc\u00eda Santiago y Carlos Rasgado Toledo, trabajador de la Secretar\u00eda General de Gobierno cuyas demandas las interpusieron en el 2013; C\u00e9sar El\u00ed S\u00e1nchez Dom\u00ednguez, en el 2016; as\u00ed como David Alonso D\u00edaz y Adolfo Sanch\u00e9z L\u00f3pez, en el 2020.<\/p>\n\n\n\n<p>\u201cReclamar una pensi\u00f3n alimenticia en estos lugares puede llevar hasta 20 a\u00f1os\u201d dijo la activista Diana Luz V\u00e1squez, quien asegur\u00f3 que son las dependencias del Poder Judicial las que se han quedado rezagadas y no responden a las ni\u00f1as y ni\u00f1os de Oaxaca.<\/p>\n\n\n\n<p>Por lo anterior realizaron pintas, gritaron consignas en contra de las y los juzgadores que re victimizan a las mujeres al decirles que pueden ponerse a trabajar para mantener a sus hijas e hijos, as\u00ed como realizaron la quema de sentencias e im\u00e1genes expuestas previamente en el tendedero.<\/p>\n\n\n\n<p>\u201cA falta de justicia de las instituciones las mujeres nos estamos organizando\u201d sentenci\u00f3. A la par que detall\u00f3 que los se\u00f1alados como deudores est\u00e1n molestos y refieren que se trata de asuntos privados, argumento con el que de nueva cuenta buscan librarse de su obligaci\u00f3n y seguir violentando a las infancias.<\/p>\n\n\n\n<p>Finalmente, exigieron al titular del Poder Judicial en Oaxaca, Eduardo Pinacho S\u00e1nchez,&nbsp; que cumpla con las notificaciones para ingresar a los varones al Padr\u00f3n de Deudores Alimentarios a cargo del Registro Civil, toda vez que asegur\u00f3 a\u00fan no se emite siquiera una circula para dar a conocer la disposici\u00f3n.&nbsp;<\/p>\n\n\n\n<p>Y como lo anunciaron desde sus redes sociales, las activistas aseguraron que est\u00e1n dispuestas a limpiar cada una de sus intervenciones en contra de los deudores alimentarios siempre y cuando \u00e9stos cumplan con su obligaci\u00f3n y depositen el recurso para la manutenci\u00f3n de sus hijas e hijos.<\/p>\n\n\n\n<p>A la par que cuestionaron que las acciones que han emprendido mediante la \u00abPatrulla feminista&nbsp;\u00bb sean llamadas \u201cvand\u00e1licas\u201d, mientras que la irresponsabilidad de los varones no sea vista como una violaci\u00f3n a los derechos de las infancias.<\/p>\n\n\n\n<figure class=\"wp-block-embed-twitter wp-block-embed is-type-rich is-provider-twitter\"><div class=\"wp-block-embed__wrapper\">\n<div class=\"twitter-tweet\"><blockquote class=\"twitter-tweet\" data-lang=\"es\"><p lang=\"es\" dir=\"ltr\"><a href=\"https:\/\/twitter.com\/hashtag\/DeudoresAlTendedero?src=hash&amp;ref_src=twsrc%5Etfw\">#DeudoresAlTendedero<\/a> <br>Madres de familia cuyas parejas no ha cumplido con la manutenci\u00f3n, protestan en juzgados familiares de Poder Judicial de <a href=\"https:\/\/twitter.com\/hashtag\/Oaxaca?src=hash&amp;ref_src=twsrc%5Etfw\">#Oaxaca<\/a>. <br>Uno de los se\u00f1alados, Carlos Rasgado Toledo, funcionario de la <a href=\"https:\/\/twitter.com\/SEGEGO_GobOax?ref_src=twsrc%5Etfw\">@SEGEGO_GobOax<\/a>, protegido por <a href=\"https:\/\/twitter.com\/PacoPiza9?ref_src=twsrc%5Etfw\">@PacoPiza9<\/a>. <a href=\"https:\/\/t.co\/OQ9xhweKij\">pic.twitter.com\/OQ9xhweKij<\/a><\/p>&mdash; Zona Roja Oaxaca (@Zona_Roja_Oax) <a href=\"https:\/\/twitter.com\/Zona_Roja_Oax\/status\/1448719891599544328?ref_src=twsrc%5Etfw\">14 de octubre de 2021<\/a><\/blockquote><\/div>\n<\/div><\/figure>\n","protected":false},"excerpt":{"rendered":"<p>Evlin Arag\u00f3n\/Zona Roja. Oaxaca de Ju\u00e1rez, Oax., 14 de octubre de 2021.- Algunas se quedaron&hellip;<\/p>\n","protected":false},"author":2,"featured_media":33157,"comment_status":"closed","ping_status":"open","sticky":false,"template":"","format":"standard","meta":{"_lmt_disableupdate":"","_lmt_disable":"","_jetpack_memberships_contains_paid_content":false,"footnotes":""},"categories":[109,47],"tags":[2800],"class_list":["post-33156","post","type-post","status-publish","format-standard","has-post-thumbnail","hentry","category-minuto-a-minuto","category-zona-gris","tag-deudores-alimentarios-oaxaca"],"jetpack_featured_media_url":"https:\/\/zonaroja.com.mx\/wp-content\/uploads\/2021\/10\/Deudores-alimentarios-Oaxaca-juzgados.jpg","jetpack_sharing_enabled":true,"_links":{"self":[{"href":"https:\/\/zonaroja.com.mx\/index.php?rest_route=\/wp\/v2\/posts\/33156","targetHints":{"allow":["GET"]}}],"collection":[{"href":"https:\/\/zonaroja.com.mx\/index.php?rest_route=\/wp\/v2\/posts"}],"about":[{"href":"https:\/\/zonaroja.com.mx\/index.php?rest_route=\/wp\/v2\/types\/post"}],"author":[{"embeddable":true,"href":"https:\/\/zonaroja.com.mx\/index.php?rest_route=\/wp\/v2\/users\/2"}],"replies":[{"embeddable":true,"href":"https:\/\/zonaroja.com.mx\/index.php?rest_route=%2Fwp%2Fv2%2Fcomments&post=33156"}],"version-history":[{"count":2,"href":"https:\/\/zonaroja.com.mx\/index.php?rest_route=\/wp\/v2\/posts\/33156\/revisions"}],"predecessor-version":[{"id":33159,"href":"https:\/\/zonaroja.com.mx\/index.php?rest_route=\/wp\/v2\/posts\/33156\/revisions\/33159"}],"wp:featuredmedia":[{"embeddable":true,"href":"https:\/\/zonaroja.com.mx\/index.php?rest_route=\/wp\/v2\/media\/33157"}],"wp:attachment":[{"href":"https:\/\/zonaroja.com.mx\/index.php?rest_route=%2Fwp%2Fv2%2Fmedia&parent=33156"}],"wp:term":[{"taxonomy":"category","embeddable":true,"href":"https:\/\/zonaroja.com.mx\/index.php?rest_route=%2Fwp%2Fv2%2Fcategories&post=33156"},{"taxonomy":"post_tag","embeddable":true,"href":"https:\/\/zonaroja.com.mx\/index.php?rest_route=%2Fwp%2Fv2%2Ftags&post=33156"}],"curies":[{"name":"wp","href":"https:\/\/api.w.org\/{rel}","templated":true}]}}