{"id":33160,"date":"2021-10-14T19:12:24","date_gmt":"2021-10-15T00:12:24","guid":{"rendered":"http:\/\/www.zonaroja.com.mx\/?p=33160"},"modified":"2021-10-14T19:12:28","modified_gmt":"2021-10-15T00:12:28","slug":"dan-110-anos-de-prision-a-5-autores-de-masacre-en-jocotepec-oaxaca","status":"publish","type":"post","link":"https:\/\/zonaroja.com.mx\/?p=33160","title":{"rendered":"Dan 110 a\u00f1os de prisi\u00f3n a 5 autores de masacre en Jocotepec, Oaxaca"},"content":{"rendered":"\n<p>Redacci\u00f3n\/Zona Roja.<\/p>\n\n\n\n<p>Oaxaca de Ju\u00e1rez., Oax., 14 de septiembre de 2021.- La Fiscal\u00eda General del Estado de Oaxaca (FGEO) obtuvo, del Tribunal de Enjuiciamiento, sentencia condenatoria de 110 a\u00f1os de prisi\u00f3n contra las personas del sexo masculino identificadas como R. M. J., J. M. J., R. M. C., L. V. J. y C. J. O.<\/p>\n\n\n\n<p>Ello como responsables del delito de homicidio calificado en agravio de quienes en vida respondieron al nombre de M. C. J., F. C. M. y R. J. P., as\u00ed como del delito de tentativa de homicidio calificado en contra de S. C. M., cometido en junio de 2019, en jurisdicci\u00f3n de Santiago Jocotepec, distrito de Cho\u00e1pam.<\/p>\n\n\n\n<p>De acuerdo con la carpeta de investigaci\u00f3n 2095\/FCUE7TUXTEPEC\/2019, el 20 de junio de 2019, aproximadamente a las 07:00 horas, las v\u00edctimas fueron agredidas con disparos de arma de fuego por sujetos desconocidos -entre los que se encontraban los sentenciados-, cuando se dirig\u00edan a trabajar a un potrero familiar, ubicado en inmediaciones de la comunidad de Cerro Caliente, Jocotepec. Producto del ataque armado, perdieron la vida M. C. J., F. C. M. y R. J. P. y result\u00f3 herido S. C. M.<\/p>\n\n\n\n<p>Ante este crimen, la instituci\u00f3n de procuraci\u00f3n de justicia atrajo la investigaci\u00f3n &#8211;a trav\u00e9s de su Unidad Especializada en Desaparici\u00f3n Forzada de la Vicefiscal\u00eda General de Atenci\u00f3n a V\u00edctimas y a la Sociedad&#8211;, logrando aprehender y presentar a los imputados ante el Juez de la causa, quien determin\u00f3 vincularlos a proceso.<\/p>\n\n\n\n<p>En audiencia, el Tribunal de Enjuiciamiento dict\u00f3 sentencia condenatoria contra los cinco responsables, imponiendo la pena de 110 a\u00f1os de prisi\u00f3n.<\/p>\n\n\n\n<p>OTRO SENTENCIADO<\/p>\n\n\n\n<p>En otro caso, la Fiscal\u00eda General del Estado de Oaxaca (FGEO) obtuvo sentencia condenatoria contra la persona del sexo masculino identificada como J. A. H. O., responsable del delito de robo calificado con violencia moral a las personas, en perjuicio de la tienda Coppel S.A de C. V. y de E. S. A., cometido en mayo de 2021, en San Juan Bautista Tuxtepec, en la regi\u00f3n de la Cuenca del Papaloapan.<\/p>\n\n\n\n<p>De acuerdo con la causa penal 163\/2021, el 29 de mayo de 2021, aproximadamente a las 19:25 horas, la v\u00edctima E. S. A. iba a realizar un dep\u00f3sito de dinero en la tienda Coppel S.A de C. V., ubicada en el centro del referido municipio cuando fue interceptado por J. A. H. O, quien lo amenaz\u00f3 con un arma de fuego y lo despoj\u00f3 del dinero en efectivo. En este acto, tambi\u00e9n amenaz\u00f3 a los empleados y los despoj\u00f3 del efectivo de la venta del d\u00eda.<\/p>\n\n\n\n<p>Ante estos hechos, la Instituci\u00f3n de procuraci\u00f3n de justicia inici\u00f3 las diligencias correspondientes -a trav\u00e9s de la Vicefiscal\u00eda Regional de la Cuenca-, logrando presentar al responsable ante el Juez de la causa quien, tras validar los datos probatorios, determin\u00f3 vincularlo a proceso.<\/p>\n\n\n\n<p>En audiencia, el Tribunal de Enjuiciamiento dict\u00f3 sentencia condenatoria contra el responsable, imponiendo la pena de dos a\u00f1os y ocho meses de prisi\u00f3n, adem\u00e1s de ordenar el pago de m\u00e1s de 11 mil pesos por concepto de multa y reparaci\u00f3n del da\u00f1o.<\/p>\n\n\n\n<p>(Comunicados)<\/p>\n","protected":false},"excerpt":{"rendered":"<p>Redacci\u00f3n\/Zona Roja. Oaxaca de Ju\u00e1rez., Oax., 14 de septiembre de 2021.- La Fiscal\u00eda General del&hellip;<\/p>\n","protected":false},"author":2,"featured_media":33161,"comment_status":"closed","ping_status":"open","sticky":false,"template":"","format":"standard","meta":{"_lmt_disableupdate":"","_lmt_disable":"","_jetpack_memberships_contains_paid_content":false,"footnotes":""},"categories":[109,46],"tags":[2034],"class_list":["post-33160","post","type-post","status-publish","format-standard","has-post-thumbnail","hentry","category-minuto-a-minuto","category-zona-blanca","tag-santiago-jocotepec"],"jetpack_featured_media_url":"https:\/\/zonaroja.com.mx\/wp-content\/uploads\/2021\/10\/Santiago-Jocotepec.jpg","jetpack_sharing_enabled":true,"_links":{"self":[{"href":"https:\/\/zonaroja.com.mx\/index.php?rest_route=\/wp\/v2\/posts\/33160","targetHints":{"allow":["GET"]}}],"collection":[{"href":"https:\/\/zonaroja.com.mx\/index.php?rest_route=\/wp\/v2\/posts"}],"about":[{"href":"https:\/\/zonaroja.com.mx\/index.php?rest_route=\/wp\/v2\/types\/post"}],"author":[{"embeddable":true,"href":"https:\/\/zonaroja.com.mx\/index.php?rest_route=\/wp\/v2\/users\/2"}],"replies":[{"embeddable":true,"href":"https:\/\/zonaroja.com.mx\/index.php?rest_route=%2Fwp%2Fv2%2Fcomments&post=33160"}],"version-history":[{"count":1,"href":"https:\/\/zonaroja.com.mx\/index.php?rest_route=\/wp\/v2\/posts\/33160\/revisions"}],"predecessor-version":[{"id":33162,"href":"https:\/\/zonaroja.com.mx\/index.php?rest_route=\/wp\/v2\/posts\/33160\/revisions\/33162"}],"wp:featuredmedia":[{"embeddable":true,"href":"https:\/\/zonaroja.com.mx\/index.php?rest_route=\/wp\/v2\/media\/33161"}],"wp:attachment":[{"href":"https:\/\/zonaroja.com.mx\/index.php?rest_route=%2Fwp%2Fv2%2Fmedia&parent=33160"}],"wp:term":[{"taxonomy":"category","embeddable":true,"href":"https:\/\/zonaroja.com.mx\/index.php?rest_route=%2Fwp%2Fv2%2Fcategories&post=33160"},{"taxonomy":"post_tag","embeddable":true,"href":"https:\/\/zonaroja.com.mx\/index.php?rest_route=%2Fwp%2Fv2%2Ftags&post=33160"}],"curies":[{"name":"wp","href":"https:\/\/api.w.org\/{rel}","templated":true}]}}