{"id":33165,"date":"2021-10-14T21:55:56","date_gmt":"2021-10-15T02:55:56","guid":{"rendered":"http:\/\/www.zonaroja.com.mx\/?p=33165"},"modified":"2021-10-14T21:56:05","modified_gmt":"2021-10-15T02:56:05","slug":"respeto-para-organizaciones-dice-heliodoro-diaz-escarraga-en-reunion-con-steuabjo","status":"publish","type":"post","link":"https:\/\/zonaroja.com.mx\/?p=33165","title":{"rendered":"Respeto para organizaciones, dice Heliodoro D\u00edaz Esc\u00e1rraga, en reuni\u00f3n con STEUABJO"},"content":{"rendered":"\n<p>Redacci\u00f3n\/Zona Roja.<\/p>\n\n\n\n<p>Oaxaca de Ju\u00e1rez, Oax., 14 de octubre de 2021.- Los l\u00edderes sociales y afiliados a organizaciones civiles, sociales y pol\u00edticas son un sano contrapeso en la pol\u00edtica del estado, siempre y cuando sus acciones se conduzcan en el respeto a los derechos de los dem\u00e1s, se\u00f1al\u00f3 Heliodoro D\u00edaz Esc\u00e1rraga, luego de sostener reuni\u00f3n con integrantes del Sindicato de Trabajadores y Empleados de la Universidad Aut\u00f3noma \u201cBenito Ju\u00e1rez\u201d de Oaxaca (STEUABJO).<\/p>\n\n\n\n<p>El titular de la Secretar\u00eda de Seguridad P\u00fablica de Oaxaca (SSPO) agreg\u00f3 que el gobierno de Oaxaca ha respetado las libertades de manifestaci\u00f3n y expresi\u00f3n de ideas de todas las organizaciones de la entidad.<\/p>\n\n\n\n<p>Enfatiz\u00f3 que, en este sentido, no han existido represiones de ning\u00fan tipo y que siempre se ha privilegiado el di\u00e1logo en la b\u00fasqueda de soluciones.<\/p>\n\n\n\n<p>Dijo que por parte de la dependencia que encabeza, se ha brindado toda la seguridad, tanto para los manifestantes, as\u00ed como para el pueblo en general; sin embargo, a\u00f1adi\u00f3 que se ha actuado conforme a la ley en situaciones que han generado agravios a los derechos de terceros.<\/p>\n\n\n\n<p>Al concluir la reuni\u00f3n, D\u00edaz Esc\u00e1rraga hizo del conocimiento de los presentes sobre los saludos enviados por parte del gobernador Alejandro Murat para los integrantes del STEUABJO.<\/p>\n","protected":false},"excerpt":{"rendered":"<p>Redacci\u00f3n\/Zona Roja. Oaxaca de Ju\u00e1rez, Oax., 14 de octubre de 2021.- Los l\u00edderes sociales y&hellip;<\/p>\n","protected":false},"author":2,"featured_media":33166,"comment_status":"closed","ping_status":"open","sticky":false,"template":"","format":"standard","meta":{"_lmt_disableupdate":"","_lmt_disable":"","_jetpack_memberships_contains_paid_content":false,"footnotes":""},"categories":[109,46],"tags":[1421],"class_list":["post-33165","post","type-post","status-publish","format-standard","has-post-thumbnail","hentry","category-minuto-a-minuto","category-zona-blanca","tag-secretaria-de-seguridad-publica-de-oaxaca-sspo"],"jetpack_featured_media_url":"https:\/\/zonaroja.com.mx\/wp-content\/uploads\/2021\/10\/Heliodoro-Diaz-y-STEUABJO.jpg","jetpack_sharing_enabled":true,"_links":{"self":[{"href":"https:\/\/zonaroja.com.mx\/index.php?rest_route=\/wp\/v2\/posts\/33165","targetHints":{"allow":["GET"]}}],"collection":[{"href":"https:\/\/zonaroja.com.mx\/index.php?rest_route=\/wp\/v2\/posts"}],"about":[{"href":"https:\/\/zonaroja.com.mx\/index.php?rest_route=\/wp\/v2\/types\/post"}],"author":[{"embeddable":true,"href":"https:\/\/zonaroja.com.mx\/index.php?rest_route=\/wp\/v2\/users\/2"}],"replies":[{"embeddable":true,"href":"https:\/\/zonaroja.com.mx\/index.php?rest_route=%2Fwp%2Fv2%2Fcomments&post=33165"}],"version-history":[{"count":1,"href":"https:\/\/zonaroja.com.mx\/index.php?rest_route=\/wp\/v2\/posts\/33165\/revisions"}],"predecessor-version":[{"id":33167,"href":"https:\/\/zonaroja.com.mx\/index.php?rest_route=\/wp\/v2\/posts\/33165\/revisions\/33167"}],"wp:featuredmedia":[{"embeddable":true,"href":"https:\/\/zonaroja.com.mx\/index.php?rest_route=\/wp\/v2\/media\/33166"}],"wp:attachment":[{"href":"https:\/\/zonaroja.com.mx\/index.php?rest_route=%2Fwp%2Fv2%2Fmedia&parent=33165"}],"wp:term":[{"taxonomy":"category","embeddable":true,"href":"https:\/\/zonaroja.com.mx\/index.php?rest_route=%2Fwp%2Fv2%2Fcategories&post=33165"},{"taxonomy":"post_tag","embeddable":true,"href":"https:\/\/zonaroja.com.mx\/index.php?rest_route=%2Fwp%2Fv2%2Ftags&post=33165"}],"curies":[{"name":"wp","href":"https:\/\/api.w.org\/{rel}","templated":true}]}}