{"id":33172,"date":"2021-10-15T07:53:42","date_gmt":"2021-10-15T12:53:42","guid":{"rendered":"http:\/\/www.zonaroja.com.mx\/?p=33172"},"modified":"2021-10-15T07:53:45","modified_gmt":"2021-10-15T12:53:45","slug":"determina-poder-judicial-separar-de-sus-cargos-a-autoridades-de-zaachila","status":"publish","type":"post","link":"https:\/\/zonaroja.com.mx\/?p=33172","title":{"rendered":"Determina Poder Judicial separar de sus cargos a autoridades de Zaachila"},"content":{"rendered":"\n<p>Ismael Garc\u00eda M.\/Zona Roja.<\/p>\n\n\n\n<p>Oaxaca de Ju\u00e1rez, Oax., 15 de octubre de 2021.- El Poder Judicial de la Federaci\u00f3n determin\u00f3 que se deber\u00e1n separar de sus cargos a integrantes del Cabildo de la Villa de Zaachila, incluyendo al primer concejal, por incumplir un laudo.<\/p>\n\n\n\n<p>De acuerdo con la sentencia en el expediente derivado del Juicio de Amparo Indirecto n\u00famero 1542\/2014, magistrados integrantes del Segundo Tribunal Colegiado en Materia Penal del D\u00e9cimo Tercer Circuito resolvieron que \u201c\u2026quedan inmediatamente separados de sus cargos los funcionarios del ayuntamiento de Villa de Zaachila, Oax., C\u00e1stulo Bret\u00f3n Mendoza, presidente municipal.<\/p>\n\n\n\n<p>\u201cGast\u00f3n Aguilar Arag\u00f3n, secretario Municipal; Carmela Coronel \u00c1ngeles, s\u00edndica; Alicia Cruz Mac\u00e9s, regidora de Obras; Andr\u00e9s Alfonso Ben\u00edtez Torres, regidor de Educaci\u00f3n; Carolina Mart\u00ednez Tom\u00e1s, regidora de Turismo; Esa\u00fa Z\u00e1rate Lavariega, regidor de Protecci\u00f3n Civil; Carlos Rigoberto Chac\u00f3n P\u00e9rez, regidor de Derechos Humanos, y Germ\u00e1n Garc\u00eda L\u00e1zaro (Tesorero Municipal).<\/p>\n\n\n\n<p>Ello por desacato al cumplimiento de la sentencia que les orden\u00f3 el pago de laudos a ex trabajadores de dicho ayuntamiento, identificados como los quejosos Camerino Mendoza Contreras y Paulino Aquino Villarreal.<\/p>\n\n\n\n<p>Seg\u00fan la Inejecuci\u00f3n de Sentencia 2\/2021, derivado del juicio indirecto 1542\/2014, el Juez de Distrito agot\u00f3 adecuadamente los procedimientos legales y requiri\u00f3 el cumplimiento de la sentencia concesoria al yuntamiento, para cubrir el pago del laudo por 797 mil 578.23 pesos y 582 mil 925.58 pesos, actualizado al 10 de junio de 2019.<\/p>\n\n\n\n<p>\u201cSon m\u00e1s de nueve a\u00f1os que tiene dictado el laudo reclamado y no se ha cumplido; son m\u00e1s de 50 requerimientos realizados al referido ayuntamiento, tanto por el Juez de Amparo como por la Junta.<\/p>\n\n\n\n<p>\u201cQue si bien ha realizado pagos, lo cierto es que son m\u00ednimos y no representan ni siquiera el 1% del monto de la deuda\u201d, refiere la sentencia, dictada el 6 de octubre de este a\u00f1o y dada a conocer este jueves.<\/p>\n\n\n\n<p>Por virtud de esta resoluci\u00f3n quedan inmediatamente separados de sus respectivos cargos para ser consignados directamente ante el Juez de Distrito correspondiente para que las juzgue por la desobediencia cometida, que se sanciona con las penas correspondientes al delito de abuso de autoridad y otro.<\/p>\n","protected":false},"excerpt":{"rendered":"<p>Ismael Garc\u00eda M.\/Zona Roja. Oaxaca de Ju\u00e1rez, Oax., 15 de octubre de 2021.- El Poder&hellip;<\/p>\n","protected":false},"author":2,"featured_media":33173,"comment_status":"closed","ping_status":"open","sticky":false,"template":"","format":"standard","meta":{"_lmt_disableupdate":"","_lmt_disable":"","_jetpack_memberships_contains_paid_content":false,"footnotes":""},"categories":[109,47],"tags":[155],"class_list":["post-33172","post","type-post","status-publish","format-standard","has-post-thumbnail","hentry","category-minuto-a-minuto","category-zona-gris","tag-villa-de-zaachila"],"jetpack_featured_media_url":"https:\/\/zonaroja.com.mx\/wp-content\/uploads\/2021\/10\/Castulo-Breton-Zaachila.jpg","jetpack_sharing_enabled":true,"_links":{"self":[{"href":"https:\/\/zonaroja.com.mx\/index.php?rest_route=\/wp\/v2\/posts\/33172","targetHints":{"allow":["GET"]}}],"collection":[{"href":"https:\/\/zonaroja.com.mx\/index.php?rest_route=\/wp\/v2\/posts"}],"about":[{"href":"https:\/\/zonaroja.com.mx\/index.php?rest_route=\/wp\/v2\/types\/post"}],"author":[{"embeddable":true,"href":"https:\/\/zonaroja.com.mx\/index.php?rest_route=\/wp\/v2\/users\/2"}],"replies":[{"embeddable":true,"href":"https:\/\/zonaroja.com.mx\/index.php?rest_route=%2Fwp%2Fv2%2Fcomments&post=33172"}],"version-history":[{"count":1,"href":"https:\/\/zonaroja.com.mx\/index.php?rest_route=\/wp\/v2\/posts\/33172\/revisions"}],"predecessor-version":[{"id":33174,"href":"https:\/\/zonaroja.com.mx\/index.php?rest_route=\/wp\/v2\/posts\/33172\/revisions\/33174"}],"wp:featuredmedia":[{"embeddable":true,"href":"https:\/\/zonaroja.com.mx\/index.php?rest_route=\/wp\/v2\/media\/33173"}],"wp:attachment":[{"href":"https:\/\/zonaroja.com.mx\/index.php?rest_route=%2Fwp%2Fv2%2Fmedia&parent=33172"}],"wp:term":[{"taxonomy":"category","embeddable":true,"href":"https:\/\/zonaroja.com.mx\/index.php?rest_route=%2Fwp%2Fv2%2Fcategories&post=33172"},{"taxonomy":"post_tag","embeddable":true,"href":"https:\/\/zonaroja.com.mx\/index.php?rest_route=%2Fwp%2Fv2%2Ftags&post=33172"}],"curies":[{"name":"wp","href":"https:\/\/api.w.org\/{rel}","templated":true}]}}