{"id":3318,"date":"2019-08-23T08:08:37","date_gmt":"2019-08-23T13:08:37","guid":{"rendered":"http:\/\/www.zonaroja.com.mx\/?p=3318"},"modified":"2019-08-23T08:08:39","modified_gmt":"2019-08-23T13:08:39","slug":"sociedad-quedo-inconforme-con-eleccion-de-titular-de-la-ddhpo","status":"publish","type":"post","link":"https:\/\/zonaroja.com.mx\/?p=3318","title":{"rendered":"Sociedad qued\u00f3 inconforme con elecci\u00f3n de titular de la DDHPO"},"content":{"rendered":"\n<p>Redacci\u00f3n\/Zona\nRoja.<\/p>\n\n\n\n<p>Oaxaca de\nJu\u00e1rez, Oax., 23 de agosto de 2019.- La sociedad oaxaque\u00f1a no qued\u00f3 conforme\ncon la pasada elecci\u00f3n de titular de la Defensor\u00eda de los Derechos Humanos del\nPueblo de Oaxaca, consider\u00f3 la diputada Magaly L\u00f3pez Dom\u00ednguez.<\/p>\n\n\n\n<p>\u201cA pesar de\nlos esfuerzos de transparencia realizados por la Comisi\u00f3n Permanente de\nDerechos Humanos, a\u00fan es necesario mejorar los mecanismos para que la\nciudadan\u00eda pueda tener total certeza sobre el proceso de elecci\u00f3n de quien se\nerige por siete a\u00f1os como defensor de los derechos humanos del pueblo de Oaxaca\u201d,\nrefiri\u00f3.<\/p>\n\n\n\n<p>Por ello, la\nlegisladora por el Partido Morena present\u00f3 una iniciativa con proyecto de\ndecreto para reformar diversos ordenamientos con el fin de establecer la\nvotaci\u00f3n nominal del Congreso del Estado en el procedimiento de elecci\u00f3n de\ntitular de la Defensor\u00eda.<\/p>\n\n\n\n<p>Tras una\npol\u00e9mica por el presunto favoritismo y apoyo gubernamental, as\u00ed como una\nsegunda votaci\u00f3n, el pasado 12 de abril, Bernardo Rodr\u00edguez Alamilla fue electo\npor la 64 Legislatura como presidente de la DDHPO; tom\u00f3 el cargo el 9 de mayo\nanterior.<\/p>\n\n\n\n<p>Sin embargo:<\/p>\n\n\n\n<p>\u201cComo fue\np\u00fablico y notorio, la votaci\u00f3n en el pleno del dictamen emitido por la Comisi\u00f3n\nPermanente de Derechos Humanos, inicialmente no otorg\u00f3 la mayor\u00eda calificada a\nninguna de las personas aspirantes. <\/p>\n\n\n\n<p>\u201cSe habl\u00f3 de corrupci\u00f3n y hubo quienes aseguraron haber votado por alguna o por otra de las candidaturas, lo cual es imposible de demostrar a raz\u00f3n del mecanismo establecido para la votaci\u00f3n en el Reglamento Interior del Congreso, que fue por c\u00e9dula\u201d, refiri\u00f3 la diputada local.<\/p>\n\n\n\n<figure class=\"wp-block-embed-twitter wp-block-embed is-type-rich is-provider-twitter\"><div class=\"wp-block-embed__wrapper\">\n<div class=\"twitter-tweet\"><blockquote class=\"twitter-tweet\" data-lang=\"es\"><p lang=\"es\" dir=\"ltr\">\u2022Es importante garantizarle a la ciudadan\u00eda transparencia en las decisiones de sus representantes en el Poder Legislativo, por ello he presentado la propuesta de reforma al art\u00edculo 24 de la Ley de la <a href=\"https:\/\/twitter.com\/DDHPO?ref_src=twsrc%5Etfw\">@DDHPO<\/a> .<a href=\"https:\/\/twitter.com\/DipsMorenaOax?ref_src=twsrc%5Etfw\">@DipsMorenaOax<\/a> <a href=\"https:\/\/twitter.com\/TuiteraMx?ref_src=twsrc%5Etfw\">@TuiteraMx<\/a> <a href=\"https:\/\/twitter.com\/Eltiotonysoy?ref_src=twsrc%5Etfw\">@Eltiotonysoy<\/a> <a href=\"https:\/\/twitter.com\/HoracioSosaOax?ref_src=twsrc%5Etfw\">@HoracioSosaOax<\/a> <a href=\"https:\/\/t.co\/tIcifn3dMu\">pic.twitter.com\/tIcifn3dMu<\/a><\/p>&mdash; Magaly L\u00f3pez Dom\u00ednguez (@Magaly_LopezOax) <a href=\"https:\/\/twitter.com\/Magaly_LopezOax\/status\/1164288895929868288?ref_src=twsrc%5Etfw\">21 de agosto de 2019<\/a><\/blockquote><\/div>\n<\/div><\/figure>\n\n\n\n<p>Indic\u00f3 que la\nLey de la Defensor\u00eda de los Derechos Humanos del Pueblo de Oaxaca establece en\nsu art\u00edculo 24 el procedimiento para la elecci\u00f3n de quien ocupar\u00e1 la\ntitularidad del organismo aut\u00f3nomo. <\/p>\n\n\n\n<p>De dicho\nmecanismo, la fracci\u00f3n se\u00f1ala que de la terna propuesta por la Comisi\u00f3n\nPermanente de Derechos Humanos, el Pleno del Congreso del Estado elegir\u00e1 \u201ccon\nel voto de cuando menos las dos terceras partes de sus integrantes, a quien\nfungir\u00e1 como Defensor o Defensora de la Comisi\u00f3n\u201d.<\/p>\n\n\n\n<p>Expuso que\ncomo se observa, la ley no prev\u00e9 el tipo de votaci\u00f3n, aunque s\u00ed establece que\nla elecci\u00f3n ser\u00e1 por mayor\u00eda calificada. <\/p>\n\n\n\n<p>\u201cPero adem\u00e1s\ndel error de llamarle \u2018Comisi\u00f3n\u2019 al organismo aut\u00f3nomo, que por disposici\u00f3n\nconstitucional se llama Defensor\u00eda de los Derechos Humanos del Pueblo de\nOaxaca, la redacci\u00f3n puede prestarse a confusi\u00f3n pues para la elecci\u00f3n\nestablece el voto de las dos terceras partes de quienes integren el Congreso,\npero dicha cantidad puede interpretarse como la votaci\u00f3n total, no como los\nvotos emitidos a favor de una persona\u201d.<\/p>\n\n\n\n<p>Por ello,\nL\u00f3pez Dom\u00ednguez <\/p>\n\n\n\n<p>Propuso\nmodificar la fracci\u00f3n VII del art\u00edculo 24 de la Ley de la Defensor\u00eda de los\nDerechos Humanos del Pueblo de Oaxaca para quedar como sigue:<\/p>\n\n\n\n<p>VII. De la\nterna propuesta, el Pleno del Congreso del Estado elegir\u00e1 por votaci\u00f3n nominal,\ncon la aprobaci\u00f3n de cuando menos las dos terceras partes de sus integrantes, a\nquien fungir\u00e1 como Defensor o Defensora; y<\/p>\n\n\n\n<p>Se reforma\nel art\u00edculo 157 del Reglamento Interior del Congreso del Estado Libre y\nSoberano de Oaxaca, para quedar como sigue:<\/p>\n\n\n\n<p>ART\u00cdCULO\n157. Las votaciones por c\u00e9dulas se llevar\u00e1n a efecto, por regla general, para\nelegir personas o cuando el Pleno as\u00ed lo acuerde. Para ello, se colocar\u00e1 una\nurna transparente en el escritorio de la Mesa Directiva, en la que los\ndiputados depositen su voto al ser llamados en orden alfab\u00e9tico. La elecci\u00f3n de\npersonas podr\u00e1 realizarse a trav\u00e9s de votaci\u00f3n nominal, previo acuerdo del\nPleno a propuesta de la Jucopo, o cuando as\u00ed lo disponga la ley.<\/p>\n","protected":false},"excerpt":{"rendered":"<p>Redacci\u00f3n\/Zona Roja. Oaxaca de Ju\u00e1rez, Oax., 23 de agosto de 2019.- La sociedad oaxaque\u00f1a no&hellip;<\/p>\n","protected":false},"author":2,"featured_media":3319,"comment_status":"closed","ping_status":"open","sticky":false,"template":"","format":"standard","meta":{"_lmt_disableupdate":"","_lmt_disable":"","_jetpack_memberships_contains_paid_content":false,"footnotes":""},"categories":[109,46],"tags":[286,192],"class_list":["post-3318","post","type-post","status-publish","format-standard","has-post-thumbnail","hentry","category-minuto-a-minuto","category-zona-blanca","tag-defensoria-de-los-derechos-humanos-del-pueblo-de-oaxaca","tag-diputada-magaly-lopez-dominguez"],"jetpack_featured_media_url":"https:\/\/zonaroja.com.mx\/wp-content\/uploads\/2019\/08\/bbed32b2-591f-4475-9939-5de2326aa025.jpg","jetpack_sharing_enabled":true,"_links":{"self":[{"href":"https:\/\/zonaroja.com.mx\/index.php?rest_route=\/wp\/v2\/posts\/3318","targetHints":{"allow":["GET"]}}],"collection":[{"href":"https:\/\/zonaroja.com.mx\/index.php?rest_route=\/wp\/v2\/posts"}],"about":[{"href":"https:\/\/zonaroja.com.mx\/index.php?rest_route=\/wp\/v2\/types\/post"}],"author":[{"embeddable":true,"href":"https:\/\/zonaroja.com.mx\/index.php?rest_route=\/wp\/v2\/users\/2"}],"replies":[{"embeddable":true,"href":"https:\/\/zonaroja.com.mx\/index.php?rest_route=%2Fwp%2Fv2%2Fcomments&post=3318"}],"version-history":[{"count":1,"href":"https:\/\/zonaroja.com.mx\/index.php?rest_route=\/wp\/v2\/posts\/3318\/revisions"}],"predecessor-version":[{"id":3320,"href":"https:\/\/zonaroja.com.mx\/index.php?rest_route=\/wp\/v2\/posts\/3318\/revisions\/3320"}],"wp:featuredmedia":[{"embeddable":true,"href":"https:\/\/zonaroja.com.mx\/index.php?rest_route=\/wp\/v2\/media\/3319"}],"wp:attachment":[{"href":"https:\/\/zonaroja.com.mx\/index.php?rest_route=%2Fwp%2Fv2%2Fmedia&parent=3318"}],"wp:term":[{"taxonomy":"category","embeddable":true,"href":"https:\/\/zonaroja.com.mx\/index.php?rest_route=%2Fwp%2Fv2%2Fcategories&post=3318"},{"taxonomy":"post_tag","embeddable":true,"href":"https:\/\/zonaroja.com.mx\/index.php?rest_route=%2Fwp%2Fv2%2Ftags&post=3318"}],"curies":[{"name":"wp","href":"https:\/\/api.w.org\/{rel}","templated":true}]}}