{"id":33183,"date":"2021-10-15T15:38:50","date_gmt":"2021-10-15T20:38:50","guid":{"rendered":"http:\/\/www.zonaroja.com.mx\/?p=33183"},"modified":"2021-10-15T15:42:06","modified_gmt":"2021-10-15T20:42:06","slug":"acusan-a-militante-del-pvem-en-oaxaca-de-azuzar-a-deudores-alimentarios","status":"publish","type":"post","link":"https:\/\/zonaroja.com.mx\/?p=33183","title":{"rendered":"Acusan a militante del PVEM en Oaxaca de azuzar a deudores alimentarios"},"content":{"rendered":"\n<p>Evlin Arag\u00f3n\/Zona Roja.<\/p>\n\n\n\n<p>Oaxaca de Ju\u00e1rez, Oax., 15 de octubre de 2021.- Para retar a feministas y afirmar que no tiene conflictos judiciales con su ex pareja, el integrante de la dirigencia del PVEM, Elpidio Altamirano L\u00f3pez, acudi\u00f3 hoy a juzgados familiares del Poder Judicial del Estado.<\/p>\n\n\n\n<p>Asimismo, emiti\u00f3 un mensaje en que destac\u00f3 que est\u00e1 cumpliendo con su deber de proveer para su hijo, pese a que su anterior pareja lo ha denunciado por ser un deudor alimentario, y quien el pr\u00f3ximo lunes prev\u00e9 dar a conocer documentos del caso.<\/p>\n\n\n\n<p>En tanto, activistas y feministas que encabezan las denuncias p\u00fablicas en contra de deudores alimentarios recriminaron los recientes amagos que ha realizado Elpidio Altamirano, secretario de Procesos Electorales en Oaxaca del Partido Verde Ecologista de M\u00e9xico (PVEM), quien recientemente asegur\u00f3 que organizar\u00e1 a padres de familia para hacer frente al movimiento de encabezan las mujeres.<\/p>\n\n\n\n<p>As\u00ed lo dio a conocer Diana Luz V\u00e1squez, quien detall\u00f3 que Altamirano L\u00f3pez manifest\u00f3 recientemente que no lo dejan ver a su hijo, de ah\u00ed que va a organizar a los varones que se encuentran en la misma situaci\u00f3n, declaraci\u00f3n que calific\u00f3 de rid\u00edcula toda vez que conocen el testimonio de la madre del hijo que dej\u00f3 en el abandono.<\/p>\n\n\n\n<p>\u201cAqu\u00ed estamos hablando de un se\u00f1or que dice que va a organizar a los padres que se sienten indignados con este movimiento y que no los dejan ver a sus hijos. A este se\u00f1or le decimos que aporte para su hijo, que no est\u00e9 haciendo el rid\u00edculo. Este se\u00f1or si es un verdadero rid\u00edculo, le da\u00f1amos el ego, su soberbia, se siente ofendido\u201d, refiri\u00f3 la activista en el marco de la instalaci\u00f3n del quinto tendedero de deudores alimentario.<\/p>\n\n\n\n<p>En este sentido explic\u00f3 que dicho argumento es sumamente utilizado por muchos varones para evadir su responsabilidad y culpan a las mujeres de no permitir que vean a sus hijos a sabiendas que no aportan un solo peso en la manutenci\u00f3n y educaci\u00f3n de los mismos.\u00a0<\/p>\n\n\n\n<figure class=\"wp-block-embed-twitter wp-block-embed is-type-rich is-provider-twitter\"><div class=\"wp-block-embed__wrapper\">\n<div class=\"twitter-tweet\"><blockquote class=\"twitter-tweet\" data-lang=\"es\"><p lang=\"es\" dir=\"ltr\"><a href=\"https:\/\/twitter.com\/hashtag\/DeudoresAlTendedero?src=hash&amp;ref_src=twsrc%5Etfw\">#DeudoresAlTendedero<\/a> <br>El integrante de la dirigencia del PVEM, <a href=\"https:\/\/twitter.com\/ElpidioJeal?ref_src=twsrc%5Etfw\">@ElpidioJeal<\/a>, se reconoci\u00f3 como deudor alimentario.<br>Pero feministas encabezadas por <a href=\"https:\/\/twitter.com\/DianaLuzVa?ref_src=twsrc%5Etfw\">@DianaLuzVa<\/a>, le recriminaron amagos de organizar a deudores; \u201cque aporte para su hijo, que no est\u00e9 haciendo el rid\u00edculo\u201d, le dicen. <a href=\"https:\/\/t.co\/CvQ4zsrdob\">pic.twitter.com\/CvQ4zsrdob<\/a><\/p>&mdash; Zona Roja Oaxaca (@Zona_Roja_Oax) <a href=\"https:\/\/twitter.com\/Zona_Roja_Oax\/status\/1448765040899858437?ref_src=twsrc%5Etfw\">14 de octubre de 2021<\/a><\/blockquote><\/div>\n<\/div><\/figure>\n\n\n\n<p>\u201cEste se\u00f1or dice que est\u00e1 muy indignado, que estamos manchando su honor\u2026 Dice que no lo dejan ver a su hijo, hay que revisar que actitudes ha tenido, hay que revisar que dice la madre. Aqu\u00ed le creemos a las mujeres\u201d.&nbsp;<\/p>\n\n\n\n<p>Finalmente, detall\u00f3 que no se trata de un tema personal en contra de cada uno de los varones expuestos, se trata de un movimiento que busca evidenciar la problem\u00e1tica a la que se enfrentan decenas, incluso cientos de mujeres, misma que representa un tipo de violencia que repercute en la vida y desarrollo de las infancias.&nbsp;<\/p>\n\n\n\n<p>\u201cEsta no es una afrenta personal estimado Elpidio, te lo decimos, no es una afrenta contra ti es contra lo que representas y deber\u00eda darte verg\u00fcenza. Con mucho gusto te podemos ayudar a establecer contacto con la madre porque la bloqueaste en el tel\u00e9fono\u201d, sentenci\u00f3.<\/p>\n\n\n\n<p>Por su parte, Altamirano L\u00f3pez se reconoci\u00f3 deudor alimentario, sin embargo, asegur\u00f3 que cuenta con un acuerdo verbal para contribuir en el desarrollo de su hijo Matheo, situaci\u00f3n que ha sido negado por la familia del menor que particip\u00f3 este jueves en la instalaci\u00f3n del quinto tendedero a las afueras de los Juzgados Familiares.&nbsp;&nbsp;<\/p>\n\n\n\n<p>A trav\u00e9s de una carta, dirigida a la opini\u00f3n p\u00fablica y subida en sus redes sociales, detall\u00f3 que, independientemente del acuerdo verbal, ha presentado una solicitud de convivencia con n\u00famero de expediente 367\/2021, para compartir con su hijo el cari\u00f1o e impulso que requiere durante su crecimiento.&nbsp;<\/p>\n\n\n\n<p>As\u00ed mismo invit\u00f3 a las activistas a acudir a sus oficinas para hacerles entrega f\u00edsica de los expedientes de su proceso legal que sustentan lo expresado en el comunicado e incluso proporcionar asesor\u00eda jur\u00eddica a toda mujer que lo requiera con respecto a este tema.&nbsp;<\/p>\n","protected":false},"excerpt":{"rendered":"<p>Evlin Arag\u00f3n\/Zona Roja. Oaxaca de Ju\u00e1rez, Oax., 15 de octubre de 2021.- Para retar a&hellip;<\/p>\n","protected":false},"author":2,"featured_media":33184,"comment_status":"closed","ping_status":"open","sticky":false,"template":"","format":"standard","meta":{"_lmt_disableupdate":"","_lmt_disable":"","_jetpack_memberships_contains_paid_content":false,"footnotes":""},"categories":[109,47],"tags":[2800,2915],"class_list":["post-33183","post","type-post","status-publish","format-standard","has-post-thumbnail","hentry","category-minuto-a-minuto","category-zona-gris","tag-deudores-alimentarios-oaxaca","tag-elpidio-altamirano-lopez"],"jetpack_featured_media_url":"https:\/\/zonaroja.com.mx\/wp-content\/uploads\/2021\/10\/Deudor-alimentario-Elpidio-Altamirano.jpg","jetpack_sharing_enabled":true,"_links":{"self":[{"href":"https:\/\/zonaroja.com.mx\/index.php?rest_route=\/wp\/v2\/posts\/33183","targetHints":{"allow":["GET"]}}],"collection":[{"href":"https:\/\/zonaroja.com.mx\/index.php?rest_route=\/wp\/v2\/posts"}],"about":[{"href":"https:\/\/zonaroja.com.mx\/index.php?rest_route=\/wp\/v2\/types\/post"}],"author":[{"embeddable":true,"href":"https:\/\/zonaroja.com.mx\/index.php?rest_route=\/wp\/v2\/users\/2"}],"replies":[{"embeddable":true,"href":"https:\/\/zonaroja.com.mx\/index.php?rest_route=%2Fwp%2Fv2%2Fcomments&post=33183"}],"version-history":[{"count":3,"href":"https:\/\/zonaroja.com.mx\/index.php?rest_route=\/wp\/v2\/posts\/33183\/revisions"}],"predecessor-version":[{"id":33187,"href":"https:\/\/zonaroja.com.mx\/index.php?rest_route=\/wp\/v2\/posts\/33183\/revisions\/33187"}],"wp:featuredmedia":[{"embeddable":true,"href":"https:\/\/zonaroja.com.mx\/index.php?rest_route=\/wp\/v2\/media\/33184"}],"wp:attachment":[{"href":"https:\/\/zonaroja.com.mx\/index.php?rest_route=%2Fwp%2Fv2%2Fmedia&parent=33183"}],"wp:term":[{"taxonomy":"category","embeddable":true,"href":"https:\/\/zonaroja.com.mx\/index.php?rest_route=%2Fwp%2Fv2%2Fcategories&post=33183"},{"taxonomy":"post_tag","embeddable":true,"href":"https:\/\/zonaroja.com.mx\/index.php?rest_route=%2Fwp%2Fv2%2Ftags&post=33183"}],"curies":[{"name":"wp","href":"https:\/\/api.w.org\/{rel}","templated":true}]}}