{"id":33188,"date":"2021-10-15T16:02:08","date_gmt":"2021-10-15T21:02:08","guid":{"rendered":"http:\/\/www.zonaroja.com.mx\/?p=33188"},"modified":"2021-10-15T16:02:11","modified_gmt":"2021-10-15T21:02:11","slug":"confirma-teeo-que-edil-electo-de-mitla-violo-ley-electoral-y-lo-sanciona","status":"publish","type":"post","link":"https:\/\/zonaroja.com.mx\/?p=33188","title":{"rendered":"Confirma TEEO que edil electo de Mitla viol\u00f3 ley electoral y lo sanciona"},"content":{"rendered":"\n<p>Redacci\u00f3n\/Informativo 570.<\/p>\n\n\n\n<p>Oaxaca de Ju\u00e1rez, Oax., 15 de octubre de 2021.- El pleno del Tribunal Estatal Electoral de Oaxaca (TEEO) impuso hoy una multa de 50 Unidades de Medida y Actualizaci\u00f3n (UMA), al candidato del PRI y PRD a edil de San Pablo Villa de Mitla, Esa\u00fa L\u00f3pez Quero.<\/p>\n\n\n\n<p>El actual presidente electo es militante del Partido Revolucionario Institucional (PRI) y gan\u00f3 la contienda el pasado 6 de junio a trav\u00e9s de una alianza con el Partido de la Revoluci\u00f3n Democr\u00e1tica.<\/p>\n\n\n\n<p>No obstante, el TEEO confirm\u00f3 que existieron actos anticipados de campa\u00f1a y uso de recursos p\u00fablicos para la promoci\u00f3n de su imagen. Asimismo, tuvo acreditado que se realiz\u00f3 entrega de despensas a cambio de votos a personas que asistieron a reuniones que convoc\u00f3.<\/p>\n\n\n\n<p>Expuso que de ello hay videos que fueron ampliamente desglosados por la autoridad instructora, que se cotejaron con documentos que present\u00f3 la parte acusadora, croquis de localizaci\u00f3n y la propia aceptaci\u00f3n de las partes.<\/p>\n\n\n\n<p>Por lo que \u201cse pudo colegir que en las reuniones celebradas los d\u00edas 21 y 26 de abril del presente a\u00f1o &#8211;previo a la campa\u00f1a pol\u00edtica formal&#8211;, y que fueron protagonizadas por L\u00f3pez Quero, \u00e9ste realiz\u00f3 un llamado de apoyo y un llamado expreso al voto a favor de su persona\u201d.<\/p>\n\n\n\n<p>En tanto desech\u00f3 la queja en contra de Wilmer Sosas Garc\u00eda y Pedro Garc\u00eda al exponer que no protagonizaron las reuniones del 21 y 26 de abril celebradas en el municipio en donde presuntamente promocionaron la imagen del candidato y otorgaron despensas a su nombre.<\/p>\n\n\n\n<p>El \u00f3rgano electoral declar\u00f3 infundadas las quejas en contra de dos concejales del mismo ayuntamiento quienes fueron acusados de ayudar a promocionar la imagen del candidato.<\/p>\n\n\n\n<p>Por otro lado, fueron ratificados los triunfos de los aspirantes a presidentes municipales emanados de Morena de Salina Cruz y Santa Mar\u00eda Huatulco Daniel M\u00e9ndez Sosa y Jos\u00e9 Hern\u00e1ndez C\u00e1rdenas respectivamente.<\/p>\n\n\n\n<p>Del mismo modo desech\u00f3 el JDC\/211\/2021 del candidato a la presidencia municipal de San Dionisio del Mar por Redes Sociales Progresistas (RSP), Alejandro Orozco Guti\u00e9rrez, por ser infundado ratificando as\u00ed la victoria de Sonia Luis Gallegos.<\/p>\n","protected":false},"excerpt":{"rendered":"<p>Redacci\u00f3n\/Informativo 570. Oaxaca de Ju\u00e1rez, Oax., 15 de octubre de 2021.- El pleno del Tribunal&hellip;<\/p>\n","protected":false},"author":2,"featured_media":33189,"comment_status":"closed","ping_status":"open","sticky":false,"template":"","format":"standard","meta":{"_lmt_disableupdate":"","_lmt_disable":"","_jetpack_memberships_contains_paid_content":false,"footnotes":""},"categories":[109,47],"tags":[2916],"class_list":["post-33188","post","type-post","status-publish","format-standard","has-post-thumbnail","hentry","category-minuto-a-minuto","category-zona-gris","tag-esau-lopez-quero"],"jetpack_featured_media_url":"https:\/\/zonaroja.com.mx\/wp-content\/uploads\/2021\/10\/Esau-Lopez-Quero.jpg","jetpack_sharing_enabled":true,"_links":{"self":[{"href":"https:\/\/zonaroja.com.mx\/index.php?rest_route=\/wp\/v2\/posts\/33188","targetHints":{"allow":["GET"]}}],"collection":[{"href":"https:\/\/zonaroja.com.mx\/index.php?rest_route=\/wp\/v2\/posts"}],"about":[{"href":"https:\/\/zonaroja.com.mx\/index.php?rest_route=\/wp\/v2\/types\/post"}],"author":[{"embeddable":true,"href":"https:\/\/zonaroja.com.mx\/index.php?rest_route=\/wp\/v2\/users\/2"}],"replies":[{"embeddable":true,"href":"https:\/\/zonaroja.com.mx\/index.php?rest_route=%2Fwp%2Fv2%2Fcomments&post=33188"}],"version-history":[{"count":1,"href":"https:\/\/zonaroja.com.mx\/index.php?rest_route=\/wp\/v2\/posts\/33188\/revisions"}],"predecessor-version":[{"id":33190,"href":"https:\/\/zonaroja.com.mx\/index.php?rest_route=\/wp\/v2\/posts\/33188\/revisions\/33190"}],"wp:featuredmedia":[{"embeddable":true,"href":"https:\/\/zonaroja.com.mx\/index.php?rest_route=\/wp\/v2\/media\/33189"}],"wp:attachment":[{"href":"https:\/\/zonaroja.com.mx\/index.php?rest_route=%2Fwp%2Fv2%2Fmedia&parent=33188"}],"wp:term":[{"taxonomy":"category","embeddable":true,"href":"https:\/\/zonaroja.com.mx\/index.php?rest_route=%2Fwp%2Fv2%2Fcategories&post=33188"},{"taxonomy":"post_tag","embeddable":true,"href":"https:\/\/zonaroja.com.mx\/index.php?rest_route=%2Fwp%2Fv2%2Ftags&post=33188"}],"curies":[{"name":"wp","href":"https:\/\/api.w.org\/{rel}","templated":true}]}}