{"id":33197,"date":"2021-10-15T20:48:12","date_gmt":"2021-10-16T01:48:12","guid":{"rendered":"http:\/\/www.zonaroja.com.mx\/?p=33197"},"modified":"2021-10-15T20:48:17","modified_gmt":"2021-10-16T01:48:17","slug":"sentencia-a-medio-siglo-de-prision-a-secuestrador-de-un-nino-en-zaachila","status":"publish","type":"post","link":"https:\/\/zonaroja.com.mx\/?p=33197","title":{"rendered":"Sentencia a medio siglo de prisi\u00f3n a secuestrador de un ni\u00f1o en Zaachila"},"content":{"rendered":"\n<p>Redacci\u00f3n\/Zona Roja.<\/p>\n\n\n\n<p>Oaxaca de Ju\u00e1rez, Oax., 15 de octubre de 2021.- La Fiscal\u00eda General del Estado de Oaxaca (FGEO) obtuvo del Tribunal de Enjuiciamiento, sentencia condenatoria de m\u00e1s 52 a\u00f1os de prisi\u00f3n contra la persona del sexo masculino identificado como E. M. G., responsable del delito de secuestro en agravio de un ni\u00f1o de seis a\u00f1os, cometido en marzo de 2019, en la Villa de Zaachila, en la regi\u00f3n de Valles Centrales.<\/p>\n\n\n\n<p>De acuerdo con la causa penal 206\/2019, el 1 de marzo de 2019, sujetos desconocidos &#8211;entre los que se encontraba el imputado&#8211;, privaron de su libertad a la v\u00edctima cuando caminaba en compa\u00f1\u00eda de familiares en inmediaciones de la colonia Olimpo de Zaachila. Posteriormente, los plagiarios se comunicaron y exigieron una fuerte suma a cambio de su liberaci\u00f3n.<\/p>\n\n\n\n<p>Luego de que los padres de la v\u00edctima pagaron una cantidad del dinero pactado, el ni\u00f1o fue liberado el 2 de marzo de 2019, en la carretera que conduce a Santa Ana Zegache.<\/p>\n\n\n\n<p>Ante estos hechos, la Fiscal\u00eda Especializada en Atenci\u00f3n a Delitos de Alto Impacto inici\u00f3 las diligencias correspondientes, logrando identificar, aprehender y presentar al imputado ante el Juez de la causa, quien determin\u00f3 vincularlo a proceso.<\/p>\n\n\n\n<p>En audiencia, el Tribunal de Enjuiciamiento dict\u00f3 sentencia condenatoria contra E. M. G., imponiendo la pena de 52 a\u00f1os y seis meses de prisi\u00f3n.<\/p>\n","protected":false},"excerpt":{"rendered":"<p>Redacci\u00f3n\/Zona Roja. Oaxaca de Ju\u00e1rez, Oax., 15 de octubre de 2021.- La Fiscal\u00eda General del&hellip;<\/p>\n","protected":false},"author":2,"featured_media":30722,"comment_status":"closed","ping_status":"open","sticky":false,"template":"","format":"standard","meta":{"_lmt_disableupdate":"","_lmt_disable":"","_jetpack_memberships_contains_paid_content":false,"footnotes":""},"categories":[109,47],"tags":[494],"class_list":["post-33197","post","type-post","status-publish","format-standard","has-post-thumbnail","hentry","category-minuto-a-minuto","category-zona-gris","tag-fiscalia-general-del-estado-de-oaxaca"],"jetpack_featured_media_url":"https:\/\/zonaroja.com.mx\/wp-content\/uploads\/2021\/08\/Prision-carcel-2.jpg","jetpack_sharing_enabled":true,"_links":{"self":[{"href":"https:\/\/zonaroja.com.mx\/index.php?rest_route=\/wp\/v2\/posts\/33197","targetHints":{"allow":["GET"]}}],"collection":[{"href":"https:\/\/zonaroja.com.mx\/index.php?rest_route=\/wp\/v2\/posts"}],"about":[{"href":"https:\/\/zonaroja.com.mx\/index.php?rest_route=\/wp\/v2\/types\/post"}],"author":[{"embeddable":true,"href":"https:\/\/zonaroja.com.mx\/index.php?rest_route=\/wp\/v2\/users\/2"}],"replies":[{"embeddable":true,"href":"https:\/\/zonaroja.com.mx\/index.php?rest_route=%2Fwp%2Fv2%2Fcomments&post=33197"}],"version-history":[{"count":1,"href":"https:\/\/zonaroja.com.mx\/index.php?rest_route=\/wp\/v2\/posts\/33197\/revisions"}],"predecessor-version":[{"id":33198,"href":"https:\/\/zonaroja.com.mx\/index.php?rest_route=\/wp\/v2\/posts\/33197\/revisions\/33198"}],"wp:featuredmedia":[{"embeddable":true,"href":"https:\/\/zonaroja.com.mx\/index.php?rest_route=\/wp\/v2\/media\/30722"}],"wp:attachment":[{"href":"https:\/\/zonaroja.com.mx\/index.php?rest_route=%2Fwp%2Fv2%2Fmedia&parent=33197"}],"wp:term":[{"taxonomy":"category","embeddable":true,"href":"https:\/\/zonaroja.com.mx\/index.php?rest_route=%2Fwp%2Fv2%2Fcategories&post=33197"},{"taxonomy":"post_tag","embeddable":true,"href":"https:\/\/zonaroja.com.mx\/index.php?rest_route=%2Fwp%2Fv2%2Ftags&post=33197"}],"curies":[{"name":"wp","href":"https:\/\/api.w.org\/{rel}","templated":true}]}}