{"id":33202,"date":"2021-10-16T08:00:15","date_gmt":"2021-10-16T13:00:15","guid":{"rendered":"http:\/\/www.zonaroja.com.mx\/?p=33202"},"modified":"2021-10-15T22:00:45","modified_gmt":"2021-10-16T03:00:45","slug":"opta-el-teeo-por-remitir-al-tepjf-la-impugnacion-a-la-eleccion-de-mitla","status":"publish","type":"post","link":"https:\/\/zonaroja.com.mx\/?p=33202","title":{"rendered":"Opta el TEEO por remitir al TEPJF la impugnaci\u00f3n a la elecci\u00f3n de Mitla"},"content":{"rendered":"\n<p>Redacci\u00f3n\/Zona Roja.<\/p>\n\n\n\n<p>Oaxaca de Ju\u00e1rez, Oax., a 16 de octubre de 2021.- En sesi\u00f3n p\u00fablica realizada mediante videoconferencia, el pleno del Tribunal Electoral del Estado de Oaxaca (TEEO) desech\u00f3 de plano el medio de impugnaci\u00f3n promovido por Luis Armando Olivera L\u00f3pez, en su car\u00e1cter de candidato del PAN-PNAO a la presidencia municipal de San Pablo Villa de Mitla, en contra de Esa\u00fa L\u00f3pez Quero, candidato a primer concejal postulado por los partidos pol\u00edticos PRI-PRD, por rebasar el tope de gastos de campa\u00f1a.<\/p>\n\n\n\n<p>Mediante el Cuaderno de Antecedentes con n\u00famero C.A.\/408\/2021, por unanimidad, las magistradas y el magistrado determinaron que en este caso se actualiza el principio de preclusi\u00f3n al intentar el actor ejercer el derecho de acci\u00f3n por m\u00e1s de una vez, para impugnar actos relacionados con la nulidad de la elecci\u00f3n municipal.<\/p>\n\n\n\n<p>Esto es as\u00ed porque Olivera L\u00f3pez controvirti\u00f3 dos veces del Instituto Estatal Electoral y de Participaci\u00f3n Ciudadana de Oaxaca (IEEPCO) dicha elecci\u00f3n; por la causal relacionada con el rebase en el tope de gastos de campa\u00f1a.<\/p>\n\n\n\n<p>De este modo, el ejercicio de la acci\u00f3n procesal electoral se agot\u00f3 en el instante de la presentaci\u00f3n del escrito inicial de demanda correspondiente al Recurso de Inconformidad identificado con la clave RIN\/EA\/112\/2021.<\/p>\n\n\n\n<p>En cuanto a este \u00faltimo expediente, este \u00f3rgano jurisdiccional de Oaxaca acord\u00f3 remitirlo a la Sala Superior del Tribunal Electoral del Poder Judicial de la Federaci\u00f3n (TEPJF) en conjunto con los expedientes RIN\/EA\/77\/2021 y RIN\/EA\/78\/2021, tambi\u00e9n relativos a la elecci\u00f3n de Mitla, para que se pronuncie al respecto, tomando en cuenta las consideraciones vertidas en esta sesi\u00f3n del pleno del TEEO.<\/p>\n","protected":false},"excerpt":{"rendered":"<p>Redacci\u00f3n\/Zona Roja. Oaxaca de Ju\u00e1rez, Oax., a 16 de octubre de 2021.- En sesi\u00f3n p\u00fablica&hellip;<\/p>\n","protected":false},"author":2,"featured_media":33203,"comment_status":"closed","ping_status":"open","sticky":false,"template":"","format":"standard","meta":{"_lmt_disableupdate":"","_lmt_disable":"","_jetpack_memberships_contains_paid_content":false,"footnotes":""},"categories":[109,47],"tags":[2235],"class_list":["post-33202","post","type-post","status-publish","format-standard","has-post-thumbnail","hentry","category-minuto-a-minuto","category-zona-gris","tag-tribunal-electoral-del-estado-de-oaxaca-teeo"],"jetpack_featured_media_url":"https:\/\/zonaroja.com.mx\/wp-content\/uploads\/2021\/10\/SESION-151021-B.jpg","jetpack_sharing_enabled":true,"_links":{"self":[{"href":"https:\/\/zonaroja.com.mx\/index.php?rest_route=\/wp\/v2\/posts\/33202","targetHints":{"allow":["GET"]}}],"collection":[{"href":"https:\/\/zonaroja.com.mx\/index.php?rest_route=\/wp\/v2\/posts"}],"about":[{"href":"https:\/\/zonaroja.com.mx\/index.php?rest_route=\/wp\/v2\/types\/post"}],"author":[{"embeddable":true,"href":"https:\/\/zonaroja.com.mx\/index.php?rest_route=\/wp\/v2\/users\/2"}],"replies":[{"embeddable":true,"href":"https:\/\/zonaroja.com.mx\/index.php?rest_route=%2Fwp%2Fv2%2Fcomments&post=33202"}],"version-history":[{"count":1,"href":"https:\/\/zonaroja.com.mx\/index.php?rest_route=\/wp\/v2\/posts\/33202\/revisions"}],"predecessor-version":[{"id":33204,"href":"https:\/\/zonaroja.com.mx\/index.php?rest_route=\/wp\/v2\/posts\/33202\/revisions\/33204"}],"wp:featuredmedia":[{"embeddable":true,"href":"https:\/\/zonaroja.com.mx\/index.php?rest_route=\/wp\/v2\/media\/33203"}],"wp:attachment":[{"href":"https:\/\/zonaroja.com.mx\/index.php?rest_route=%2Fwp%2Fv2%2Fmedia&parent=33202"}],"wp:term":[{"taxonomy":"category","embeddable":true,"href":"https:\/\/zonaroja.com.mx\/index.php?rest_route=%2Fwp%2Fv2%2Fcategories&post=33202"},{"taxonomy":"post_tag","embeddable":true,"href":"https:\/\/zonaroja.com.mx\/index.php?rest_route=%2Fwp%2Fv2%2Ftags&post=33202"}],"curies":[{"name":"wp","href":"https:\/\/api.w.org\/{rel}","templated":true}]}}