{"id":33205,"date":"2021-10-16T09:00:53","date_gmt":"2021-10-16T14:00:53","guid":{"rendered":"http:\/\/www.zonaroja.com.mx\/?p=33205"},"modified":"2021-10-15T22:04:25","modified_gmt":"2021-10-16T03:04:25","slug":"ante-violaciones-a-sus-derechos-poblaciones-del-istmo-piden-audiencia-con-amlo","status":"publish","type":"post","link":"https:\/\/zonaroja.com.mx\/?p=33205","title":{"rendered":"Ante violaciones a sus derechos, poblaciones del Istmo piden audiencia con AMLO"},"content":{"rendered":"\n<p>Evlin Arag\u00f3n\/Zona Roja.<\/p>\n\n\n\n<p>Oaxaca de Ju\u00e1rez, Oax., 15 de octubre de 2021.- Catorce autoridades municipales y agrarias de los municipios de San Juan Guichicovi, Barrio de la Soledad y Mat\u00edas Romero, pertenecientes a la regi\u00f3n del Istmo de Tehuantepec, solicitaron una audiencia con el Presidente de la Rep\u00fablica, Andr\u00e9s Manuel L\u00f3pez Obrador, a fin de exponer la violaci\u00f3n a sus derechos comunitarios que ha tra\u00eddo consigo el proyecto del Corredor Interoce\u00e1nico.&nbsp;<\/p>\n\n\n\n<p>Mediante una carta que entregaron en Palacio Nacional, denunciaron que desde un inicio se simularon consultas y entraron a las comunidades sin permiso para comenzar a trabajar en las tierras, en donde convencieron a algunas autoridades de aceptar su presencia a cambio de algunas obras y programas.<\/p>\n\n\n\n<p>\u201cLa gran mayor\u00eda de gente del Istmo no hemos ido informados y los poco que se sabe, es que hay mucho dinero para los ferrocarriles y para que lleguen barcos m\u00e1s grandes a Salina Cruz, pero no hay presupuesto para atender las necesidades de nuestros pueblos\u201d, refiere el documento.&nbsp;<\/p>\n\n\n\n<p>En este mismo sentido, explicaron que en muchos lugares los trabajos del Corredor no se han hecho porque los pueblos est\u00e1n inconformes, lo cual ha derivado en que los funcionarios repitan las viejas pr\u00e1cticas del PRI por medio de las cuales corrompen a las autoridades para entrar por la fuerza.<\/p>\n\n\n\n<p>Claro ejemplo lo que sucedi\u00f3 en Tagolaba y Tequixtepec, donde grupos armados ingresaron por la fuerza; o los enfrentamientos que se han registrado en Plan de San Luis Guichicovi, Rancho Ganado o Donaj\u00ed donde incluso se hostiga los defensores comunitarios y se divide a los pueblos.<\/p>\n\n\n\n<p>As\u00ed mismo, reclamaron que el Corredor Interoce\u00e1nico sea el mismo proyecto que quisieron hacer gobiernos del pasado que tanto critica, adem\u00e1s de no haber escuchado las voces que reclaman que dicha obra no atiende a las necesidades ni a las formas de ser de las comunidades.&nbsp;&nbsp;<\/p>\n\n\n\n<p>Indicaron que las localidades en la zona se enfrentan a la falta de agua potable, deficiencias en el sistema de salud p\u00fablico, nula existencia de escuelas superiores y programas que impulsen el comercio, la siembra y la pesca, actividades econ\u00f3micas primordiales para la subsistencia de los pueblos.&nbsp;<\/p>\n\n\n\n<p>\u201cNos preguntamos de que nos sirve un tren r\u00e1pido, cuando nuestros ni\u00f1os y ni\u00f1as mueren por para de buena atenci\u00f3n m\u00e9dica, cuando en todo el Istmo de Oaxaca no hay un tom\u00f3grafo o un aparato para limpiar la sangre de los enfermos del ri\u00f1\u00f3n\u201d, puntualizaron.&nbsp;<\/p>\n\n\n\n<p>Finalmente, insistieron en la solicitud de audiencia y le cuestionaron al mandatario federal cuando pedir\u00e1 perd\u00f3n a los pueblos ind\u00edgenas por los atropellos que se est\u00e1n haciendo a sus derechos; tal y como le ha solicitado al gobierno de Espa\u00f1a se disculpe por la Conquista.&nbsp;&nbsp;<\/p>\n","protected":false},"excerpt":{"rendered":"<p>Evlin Arag\u00f3n\/Zona Roja. Oaxaca de Ju\u00e1rez, Oax., 15 de octubre de 2021.- Catorce autoridades municipales&hellip;<\/p>\n","protected":false},"author":2,"featured_media":33206,"comment_status":"closed","ping_status":"open","sticky":false,"template":"","format":"standard","meta":{"_lmt_disableupdate":"","_lmt_disable":"","_jetpack_memberships_contains_paid_content":false,"footnotes":""},"categories":[109,47],"tags":[2917],"class_list":["post-33205","post","type-post","status-publish","format-standard","has-post-thumbnail","hentry","category-minuto-a-minuto","category-zona-gris","tag-corredor-interoceanico-oaxaca"],"jetpack_featured_media_url":"https:\/\/zonaroja.com.mx\/wp-content\/uploads\/2021\/10\/Carta-abierta-pueblos-Istmo-interoceanico.jpg","jetpack_sharing_enabled":true,"_links":{"self":[{"href":"https:\/\/zonaroja.com.mx\/index.php?rest_route=\/wp\/v2\/posts\/33205","targetHints":{"allow":["GET"]}}],"collection":[{"href":"https:\/\/zonaroja.com.mx\/index.php?rest_route=\/wp\/v2\/posts"}],"about":[{"href":"https:\/\/zonaroja.com.mx\/index.php?rest_route=\/wp\/v2\/types\/post"}],"author":[{"embeddable":true,"href":"https:\/\/zonaroja.com.mx\/index.php?rest_route=\/wp\/v2\/users\/2"}],"replies":[{"embeddable":true,"href":"https:\/\/zonaroja.com.mx\/index.php?rest_route=%2Fwp%2Fv2%2Fcomments&post=33205"}],"version-history":[{"count":1,"href":"https:\/\/zonaroja.com.mx\/index.php?rest_route=\/wp\/v2\/posts\/33205\/revisions"}],"predecessor-version":[{"id":33207,"href":"https:\/\/zonaroja.com.mx\/index.php?rest_route=\/wp\/v2\/posts\/33205\/revisions\/33207"}],"wp:featuredmedia":[{"embeddable":true,"href":"https:\/\/zonaroja.com.mx\/index.php?rest_route=\/wp\/v2\/media\/33206"}],"wp:attachment":[{"href":"https:\/\/zonaroja.com.mx\/index.php?rest_route=%2Fwp%2Fv2%2Fmedia&parent=33205"}],"wp:term":[{"taxonomy":"category","embeddable":true,"href":"https:\/\/zonaroja.com.mx\/index.php?rest_route=%2Fwp%2Fv2%2Fcategories&post=33205"},{"taxonomy":"post_tag","embeddable":true,"href":"https:\/\/zonaroja.com.mx\/index.php?rest_route=%2Fwp%2Fv2%2Ftags&post=33205"}],"curies":[{"name":"wp","href":"https:\/\/api.w.org\/{rel}","templated":true}]}}